{"id":4594,"date":"2022-03-08T13:53:26","date_gmt":"2022-03-08T13:53:26","guid":{"rendered":"https:\/\/www.fyffes.com\/es\/?p=4594"},"modified":"2022-03-08T13:53:26","modified_gmt":"2022-03-08T13:53:26","slug":"fyffes-apoya-la-lucha-contra-la-violencia-de-genero-en-el-dia-internacional-de-la-mujer","status":"publish","type":"post","link":"https:\/\/www.fyffes.com\/es\/news\/fyffes-apoya-la-lucha-contra-la-violencia-de-genero-en-el-dia-internacional-de-la-mujer\/","title":{"rendered":"Fyffes Apoya la Lucha Contra la Violencia de G\u00e9nero en el D\u00eda Internacional de la Mujer"},"content":{"rendered":"<p>Fyffes ha centrado su asignaci\u00f3n de donaciones en Europa en organizaciones ben\u00e9ficas que apoyen a las mujeres que enfrentan violencia de g\u00e9nero y violencia dom\u00e9stica, en anticipaci\u00f3n al D\u00eda Internacional de la Mujer de este a\u00f1o. La empresa ha donado aproximadamente 30.000 \u20ac a organizaciones ben\u00e9ficas que apoyan a las mujeres v\u00edctimas de la violencia, incluidas Women&#8217;s Aid de Irlanda, Women&#8217;s Aid de Inglaterra y Escocia, bff:Frauen gegen Gewalt &#8216;Mujeres contra la violencia&#8217; en Alemania, y Blijf Groep &#8216;Stay Group&#8217; en los Pa\u00edses Bajos. El G\u00e9nero es una de las cuatro \u00e1reas de enfoque prioritarias de Fyffes para sus asignaciones de donaciones, junto con la Nutrici\u00f3n, la Resiliencia al Cambio Clim\u00e1tico y la Educaci\u00f3n.<\/p>\n<p>A su vez, para continuar apoyando a su propia gente y a aquellos dentro de su cadena de suministro, Fyffes ha publicado su <a href=\"https:\/\/www.fyffes.com\/es\/sostenibilidad\/politicas\/\">Pol\u00edtica Global Contra la Violencia y el Acoso <\/a>que reconoce el Convenio n.\u00ba 190 de la OIT, que fue adoptado por la Organizaci\u00f3n Internacional del Trabajo en junio de 2019 y describe el derecho de todos a un ambiente laboral libre de violencia y acoso, incluida la violencia y el acoso por motivos de g\u00e9nero.<\/p>\n<p>En Am\u00e9rica Latina, donde se cultiva la mayor\u00eda de los productos de Fyffes, mejorar la igualdad de g\u00e9nero es una prioridad tanto en la regi\u00f3n como en el sector agr\u00edcola. Esto se confirm\u00f3 cuando Fyffes realiz\u00f3 su primera <a href=\"https:\/\/www.fyffes.com\/es\/sostenibilidad\/reportes\/\">Evaluaci\u00f3n de Impacto en los Derechos Humanos <\/a>a fines de 2019 y 2020. Como resultado, el objetivo de Fyffes es apoyar y promover la inclusi\u00f3n de las mujeres en el trabajo en igualdad con los hombres y crear un lugar de trabajo m\u00e1s inclusivo.<\/p>\n<p>En 2019 la compa\u00f1\u00eda lanz\u00f3 por primera vez su Programa de Igualdad de G\u00e9nero, un programa de capacitaci\u00f3n basado en HERproject\u2122 de Business for Social Responsibility (BSR), en Honduras y Costa Rica. Adem\u00e1s, Fyffes se asocia con varias ONG en Am\u00e9rica Latina, as\u00ed como con clientes, para empoderar a las mujeres y alcanzar sus dos objetivos de sostenibilidad relacionados con el g\u00e9nero:<\/p>\n<ul>\n<li>Brindar capacitaci\u00f3n del Programa de Igualdad de G\u00e9nero al 100% de las personas en los sitios propios de Fyffes en Am\u00e9rica Latina para el 2025 y al 50% de los sitios de los proveedores para el 2030; y<\/li>\n<li>Erradicar la brecha salarial de g\u00e9nero en sus operaciones propias para 2030.<\/li>\n<\/ul>\n<p>Debido a las limitaciones de la capacitaci\u00f3n presencial durante la pandemia de COVID-19, Fyffes trabaj\u00f3 con BSR en una soluci\u00f3n llamada HERessentials\u2122, una herramienta de capacitaci\u00f3n digital adaptada a la regi\u00f3n de Am\u00e9rica Latina y que ya se est\u00e1 utilizando en Belice, Costa Rica, Ecuador y Honduras, con el fin de lograr el primer objetivo de g\u00e9nero de la empresa.<\/p>\n<p>Seg\u00fan ONU Mujeres, la crisis de COVID-19 ha resultado en lo que denominan &#8216;la pandemia en las sombras&#8217;, ya que los niveles de violencia dom\u00e9stica y todo tipo de violencia contra las mujeres y las ni\u00f1as se ha intensificado debido a factores relacionados a la pandemia. Hablando sobre el compromiso con las organizaciones ben\u00e9ficas en Europa, Stella Davis, quien dirige el Programa de Igualdad de G\u00e9nero de Fyffes, dijo: \u201cEstoy muy contenta de que nuestras operaciones europeas hayan elegido concentrar su atenci\u00f3n en este tema tan importante que enfrentan las mujeres en todo el mundo hoy. El dinero se utilizar\u00e1 para varios prop\u00f3sitos, incluida la financiaci\u00f3n de l\u00edneas directas en varios idiomas para ayudar a las mujeres migrantes, que son particularmente vulnerables a la violencia dom\u00e9stica y de g\u00e9nero, y la provisi\u00f3n de fondos inmediatos para las mujeres y sus familias que a menudo quedan despojadas cuando salen de una relaci\u00f3n abusiva.\u00bb<\/p>\n<p>Para obtener m\u00e1s informaci\u00f3n, consulte <a href=\"https:\/\/www.fyffes.com\/es\/sostenibilidad\/vision-y-meta\/\">nuestra p\u00e1gina de sostenibilidad.<\/a><\/p>\n","protected":false},"excerpt":{"rendered":"<p>Fyffes ha centrado su asignaci\u00f3n de donaciones en Europa en organizaciones ben\u00e9ficas que apoyen a las mujeres que enfrentan violencia de g\u00e9nero y violencia dom\u00e9stica, en anticipaci\u00f3n al D\u00eda Internacional de la Mujer de este a\u00f1o. La empresa ha donado aproximadamente 30.000 \u20ac a organizaciones ben\u00e9ficas que apoyan a las mujeres v\u00edctimas de la violencia, [&hellip;]<\/p>\n","protected":false},"author":8,"featured_media":4595,"comment_status":"closed","ping_status":"closed","sticky":false,"template":"","format":"standard","meta":{"_acf_changed":false,"footnotes":""},"categories":[48,52],"tags":[],"class_list":["post-4594","post","type-post","status-publish","format-standard","has-post-thumbnail","hentry","category-anuncios","category-derechos-humanos"],"acf":[],"yoast_head":"<!-- This site is optimized with the Yoast SEO plugin v26.7 - https:\/\/yoast.com\/wordpress\/plugins\/seo\/ -->\n<title>Fyffes Apoya la Lucha Contra la Violencia de G\u00e9nero en el D\u00eda Internacional de la Mujer - Fyffes - ES<\/title>\n<meta name=\"description\" content=\"Fyffes ha centrado su asignaci\u00f3n de donaciones en Europa en organizaciones ben\u00e9ficas que apoyen a las mujeres que enfrentan violencia de g\u00e9nero y\" \/>\n<meta name=\"robots\" content=\"index, follow, max-snippet:-1, max-image-preview:large, max-video-preview:-1\" \/>\n<link rel=\"canonical\" href=\"https:\/\/www.fyffes.com\/es\/news\/fyffes-apoya-la-lucha-contra-la-violencia-de-genero-en-el-dia-internacional-de-la-mujer\/\" \/>\n<meta property=\"og:locale\" content=\"es_ES\" \/>\n<meta property=\"og:type\" content=\"article\" \/>\n<meta property=\"og:title\" content=\"Fyffes Apoya la Lucha Contra la Violencia de G\u00e9nero en el D\u00eda Internacional de la Mujer - Fyffes - ES\" \/>\n<meta property=\"og:description\" content=\"Fyffes ha centrado su asignaci\u00f3n de donaciones en Europa en organizaciones ben\u00e9ficas que apoyen a las mujeres que enfrentan violencia de g\u00e9nero y\" \/>\n<meta property=\"og:url\" content=\"https:\/\/www.fyffes.com\/es\/news\/fyffes-apoya-la-lucha-contra-la-violencia-de-genero-en-el-dia-internacional-de-la-mujer\/\" \/>\n<meta property=\"og:site_name\" content=\"Fyffes - ES\" \/>\n<meta property=\"article:published_time\" content=\"2022-03-08T13:53:26+00:00\" \/>\n<meta property=\"og:image\" content=\"https:\/\/www.fyffes.com\/es\/wp-content\/uploads\/sites\/3\/2022\/03\/IWD-2022-scaled.jpg\" \/>\n\t<meta property=\"og:image:width\" content=\"2048\" \/>\n\t<meta property=\"og:image:height\" content=\"1475\" \/>\n\t<meta property=\"og:image:type\" content=\"image\/jpeg\" \/>\n<meta name=\"author\" content=\"azul\" \/>\n<meta name=\"twitter:card\" content=\"summary_large_image\" \/>\n<meta name=\"twitter:label1\" content=\"Escrito por\" \/>\n\t<meta name=\"twitter:data1\" content=\"azul\" \/>\n\t<meta name=\"twitter:label2\" content=\"Tiempo de lectura\" \/>\n\t<meta name=\"twitter:data2\" content=\"3 minutos\" \/>\n<script type=\"application\/ld+json\" class=\"yoast-schema-graph\">{\"@context\":\"https:\/\/schema.org\",\"@graph\":[{\"@type\":\"Article\",\"@id\":\"https:\/\/www.fyffes.com\/es\/news\/fyffes-apoya-la-lucha-contra-la-violencia-de-genero-en-el-dia-internacional-de-la-mujer\/#article\",\"isPartOf\":{\"@id\":\"https:\/\/www.fyffes.com\/es\/news\/fyffes-apoya-la-lucha-contra-la-violencia-de-genero-en-el-dia-internacional-de-la-mujer\/\"},\"author\":{\"name\":\"azul\",\"@id\":\"https:\/\/www.fyffes.com\/es\/#\/schema\/person\/a28784179f55c838fbb2ee5e944fc3b6\"},\"headline\":\"Fyffes Apoya la Lucha Contra la Violencia de G\u00e9nero en el D\u00eda Internacional de la Mujer\",\"datePublished\":\"2022-03-08T13:53:26+00:00\",\"mainEntityOfPage\":{\"@id\":\"https:\/\/www.fyffes.com\/es\/news\/fyffes-apoya-la-lucha-contra-la-violencia-de-genero-en-el-dia-internacional-de-la-mujer\/\"},\"wordCount\":671,\"image\":{\"@id\":\"https:\/\/www.fyffes.com\/es\/news\/fyffes-apoya-la-lucha-contra-la-violencia-de-genero-en-el-dia-internacional-de-la-mujer\/#primaryimage\"},\"thumbnailUrl\":\"https:\/\/www.fyffes.com\/es\/wp-content\/uploads\/sites\/3\/2022\/03\/IWD-2022-scaled.jpg\",\"articleSection\":[\"Anuncios\",\"Derechos humanos\"],\"inLanguage\":\"es\"},{\"@type\":\"WebPage\",\"@id\":\"https:\/\/www.fyffes.com\/es\/news\/fyffes-apoya-la-lucha-contra-la-violencia-de-genero-en-el-dia-internacional-de-la-mujer\/\",\"url\":\"https:\/\/www.fyffes.com\/es\/news\/fyffes-apoya-la-lucha-contra-la-violencia-de-genero-en-el-dia-internacional-de-la-mujer\/\",\"name\":\"Fyffes Apoya la Lucha Contra la Violencia de G\u00e9nero en el D\u00eda Internacional de la Mujer - Fyffes - ES\",\"isPartOf\":{\"@id\":\"https:\/\/www.fyffes.com\/es\/#website\"},\"primaryImageOfPage\":{\"@id\":\"https:\/\/www.fyffes.com\/es\/news\/fyffes-apoya-la-lucha-contra-la-violencia-de-genero-en-el-dia-internacional-de-la-mujer\/#primaryimage\"},\"image\":{\"@id\":\"https:\/\/www.fyffes.com\/es\/news\/fyffes-apoya-la-lucha-contra-la-violencia-de-genero-en-el-dia-internacional-de-la-mujer\/#primaryimage\"},\"thumbnailUrl\":\"https:\/\/www.fyffes.com\/es\/wp-content\/uploads\/sites\/3\/2022\/03\/IWD-2022-scaled.jpg\",\"datePublished\":\"2022-03-08T13:53:26+00:00\",\"author\":{\"@id\":\"https:\/\/www.fyffes.com\/es\/#\/schema\/person\/a28784179f55c838fbb2ee5e944fc3b6\"},\"description\":\"Fyffes ha centrado su asignaci\u00f3n de donaciones en Europa en organizaciones ben\u00e9ficas que apoyen a las mujeres que enfrentan violencia de g\u00e9nero y\",\"breadcrumb\":{\"@id\":\"https:\/\/www.fyffes.com\/es\/news\/fyffes-apoya-la-lucha-contra-la-violencia-de-genero-en-el-dia-internacional-de-la-mujer\/#breadcrumb\"},\"inLanguage\":\"es\",\"potentialAction\":[{\"@type\":\"ReadAction\",\"target\":[\"https:\/\/www.fyffes.com\/es\/news\/fyffes-apoya-la-lucha-contra-la-violencia-de-genero-en-el-dia-internacional-de-la-mujer\/\"]}]},{\"@type\":\"ImageObject\",\"inLanguage\":\"es\",\"@id\":\"https:\/\/www.fyffes.com\/es\/news\/fyffes-apoya-la-lucha-contra-la-violencia-de-genero-en-el-dia-internacional-de-la-mujer\/#primaryimage\",\"url\":\"https:\/\/www.fyffes.com\/es\/wp-content\/uploads\/sites\/3\/2022\/03\/IWD-2022-scaled.jpg\",\"contentUrl\":\"https:\/\/www.fyffes.com\/es\/wp-content\/uploads\/sites\/3\/2022\/03\/IWD-2022-scaled.jpg\",\"width\":2048,\"height\":1475,\"caption\":\"IWD 2022\"},{\"@type\":\"BreadcrumbList\",\"@id\":\"https:\/\/www.fyffes.com\/es\/news\/fyffes-apoya-la-lucha-contra-la-violencia-de-genero-en-el-dia-internacional-de-la-mujer\/#breadcrumb\",\"itemListElement\":[{\"@type\":\"ListItem\",\"position\":1,\"name\":\"Home\",\"item\":\"https:\/\/www.fyffes.com\/es\/\"},{\"@type\":\"ListItem\",\"position\":2,\"name\":\"Fyffes Apoya la Lucha Contra la Violencia de G\u00e9nero en el D\u00eda Internacional de la Mujer\"}]},{\"@type\":\"WebSite\",\"@id\":\"https:\/\/www.fyffes.com\/es\/#website\",\"url\":\"https:\/\/www.fyffes.com\/es\/\",\"name\":\"Fyffes - ES\",\"description\":\"Our Future is Sustainable\",\"potentialAction\":[{\"@type\":\"SearchAction\",\"target\":{\"@type\":\"EntryPoint\",\"urlTemplate\":\"https:\/\/www.fyffes.com\/es\/?s={search_term_string}\"},\"query-input\":{\"@type\":\"PropertyValueSpecification\",\"valueRequired\":true,\"valueName\":\"search_term_string\"}}],\"inLanguage\":\"es\"},{\"@type\":\"Person\",\"@id\":\"https:\/\/www.fyffes.com\/es\/#\/schema\/person\/a28784179f55c838fbb2ee5e944fc3b6\",\"name\":\"azul\",\"image\":{\"@type\":\"ImageObject\",\"inLanguage\":\"es\",\"@id\":\"https:\/\/www.fyffes.com\/es\/#\/schema\/person\/image\/\",\"url\":\"https:\/\/secure.gravatar.com\/avatar\/f82a53bde665b923d5aecc44980155a7a17036c91d0c99a58ff1056e4806e7f4?s=96&d=mm&r=g\",\"contentUrl\":\"https:\/\/secure.gravatar.com\/avatar\/f82a53bde665b923d5aecc44980155a7a17036c91d0c99a58ff1056e4806e7f4?s=96&d=mm&r=g\",\"caption\":\"azul\"},\"url\":\"https:\/\/www.fyffes.com\/es\/news\/author\/azul\/\"}]}<\/script>\n<!-- \/ Yoast SEO plugin. -->","yoast_head_json":{"title":"Fyffes Apoya la Lucha Contra la Violencia de G\u00e9nero en el D\u00eda Internacional de la Mujer - Fyffes - ES","description":"Fyffes ha centrado su asignaci\u00f3n de donaciones en Europa en organizaciones ben\u00e9ficas que apoyen a las mujeres que enfrentan violencia de g\u00e9nero y","robots":{"index":"index","follow":"follow","max-snippet":"max-snippet:-1","max-image-preview":"max-image-preview:large","max-video-preview":"max-video-preview:-1"},"canonical":"https:\/\/www.fyffes.com\/es\/news\/fyffes-apoya-la-lucha-contra-la-violencia-de-genero-en-el-dia-internacional-de-la-mujer\/","og_locale":"es_ES","og_type":"article","og_title":"Fyffes Apoya la Lucha Contra la Violencia de G\u00e9nero en el D\u00eda Internacional de la Mujer - Fyffes - ES","og_description":"Fyffes ha centrado su asignaci\u00f3n de donaciones en Europa en organizaciones ben\u00e9ficas que apoyen a las mujeres que enfrentan violencia de g\u00e9nero y","og_url":"https:\/\/www.fyffes.com\/es\/news\/fyffes-apoya-la-lucha-contra-la-violencia-de-genero-en-el-dia-internacional-de-la-mujer\/","og_site_name":"Fyffes - ES","article_published_time":"2022-03-08T13:53:26+00:00","og_image":[{"width":2048,"height":1475,"url":"https:\/\/www.fyffes.com\/es\/wp-content\/uploads\/sites\/3\/2022\/03\/IWD-2022-scaled.jpg","type":"image\/jpeg"}],"author":"azul","twitter_card":"summary_large_image","twitter_misc":{"Escrito por":"azul","Tiempo de lectura":"3 minutos"},"schema":{"@context":"https:\/\/schema.org","@graph":[{"@type":"Article","@id":"https:\/\/www.fyffes.com\/es\/news\/fyffes-apoya-la-lucha-contra-la-violencia-de-genero-en-el-dia-internacional-de-la-mujer\/#article","isPartOf":{"@id":"https:\/\/www.fyffes.com\/es\/news\/fyffes-apoya-la-lucha-contra-la-violencia-de-genero-en-el-dia-internacional-de-la-mujer\/"},"author":{"name":"azul","@id":"https:\/\/www.fyffes.com\/es\/#\/schema\/person\/a28784179f55c838fbb2ee5e944fc3b6"},"headline":"Fyffes Apoya la Lucha Contra la Violencia de G\u00e9nero en el D\u00eda Internacional de la Mujer","datePublished":"2022-03-08T13:53:26+00:00","mainEntityOfPage":{"@id":"https:\/\/www.fyffes.com\/es\/news\/fyffes-apoya-la-lucha-contra-la-violencia-de-genero-en-el-dia-internacional-de-la-mujer\/"},"wordCount":671,"image":{"@id":"https:\/\/www.fyffes.com\/es\/news\/fyffes-apoya-la-lucha-contra-la-violencia-de-genero-en-el-dia-internacional-de-la-mujer\/#primaryimage"},"thumbnailUrl":"https:\/\/www.fyffes.com\/es\/wp-content\/uploads\/sites\/3\/2022\/03\/IWD-2022-scaled.jpg","articleSection":["Anuncios","Derechos humanos"],"inLanguage":"es"},{"@type":"WebPage","@id":"https:\/\/www.fyffes.com\/es\/news\/fyffes-apoya-la-lucha-contra-la-violencia-de-genero-en-el-dia-internacional-de-la-mujer\/","url":"https:\/\/www.fyffes.com\/es\/news\/fyffes-apoya-la-lucha-contra-la-violencia-de-genero-en-el-dia-internacional-de-la-mujer\/","name":"Fyffes Apoya la Lucha Contra la Violencia de G\u00e9nero en el D\u00eda Internacional de la Mujer - Fyffes - ES","isPartOf":{"@id":"https:\/\/www.fyffes.com\/es\/#website"},"primaryImageOfPage":{"@id":"https:\/\/www.fyffes.com\/es\/news\/fyffes-apoya-la-lucha-contra-la-violencia-de-genero-en-el-dia-internacional-de-la-mujer\/#primaryimage"},"image":{"@id":"https:\/\/www.fyffes.com\/es\/news\/fyffes-apoya-la-lucha-contra-la-violencia-de-genero-en-el-dia-internacional-de-la-mujer\/#primaryimage"},"thumbnailUrl":"https:\/\/www.fyffes.com\/es\/wp-content\/uploads\/sites\/3\/2022\/03\/IWD-2022-scaled.jpg","datePublished":"2022-03-08T13:53:26+00:00","author":{"@id":"https:\/\/www.fyffes.com\/es\/#\/schema\/person\/a28784179f55c838fbb2ee5e944fc3b6"},"description":"Fyffes ha centrado su asignaci\u00f3n de donaciones en Europa en organizaciones ben\u00e9ficas que apoyen a las mujeres que enfrentan violencia de g\u00e9nero y","breadcrumb":{"@id":"https:\/\/www.fyffes.com\/es\/news\/fyffes-apoya-la-lucha-contra-la-violencia-de-genero-en-el-dia-internacional-de-la-mujer\/#breadcrumb"},"inLanguage":"es","potentialAction":[{"@type":"ReadAction","target":["https:\/\/www.fyffes.com\/es\/news\/fyffes-apoya-la-lucha-contra-la-violencia-de-genero-en-el-dia-internacional-de-la-mujer\/"]}]},{"@type":"ImageObject","inLanguage":"es","@id":"https:\/\/www.fyffes.com\/es\/news\/fyffes-apoya-la-lucha-contra-la-violencia-de-genero-en-el-dia-internacional-de-la-mujer\/#primaryimage","url":"https:\/\/www.fyffes.com\/es\/wp-content\/uploads\/sites\/3\/2022\/03\/IWD-2022-scaled.jpg","contentUrl":"https:\/\/www.fyffes.com\/es\/wp-content\/uploads\/sites\/3\/2022\/03\/IWD-2022-scaled.jpg","width":2048,"height":1475,"caption":"IWD 2022"},{"@type":"BreadcrumbList","@id":"https:\/\/www.fyffes.com\/es\/news\/fyffes-apoya-la-lucha-contra-la-violencia-de-genero-en-el-dia-internacional-de-la-mujer\/#breadcrumb","itemListElement":[{"@type":"ListItem","position":1,"name":"Home","item":"https:\/\/www.fyffes.com\/es\/"},{"@type":"ListItem","position":2,"name":"Fyffes Apoya la Lucha Contra la Violencia de G\u00e9nero en el D\u00eda Internacional de la Mujer"}]},{"@type":"WebSite","@id":"https:\/\/www.fyffes.com\/es\/#website","url":"https:\/\/www.fyffes.com\/es\/","name":"Fyffes - ES","description":"Our Future is Sustainable","potentialAction":[{"@type":"SearchAction","target":{"@type":"EntryPoint","urlTemplate":"https:\/\/www.fyffes.com\/es\/?s={search_term_string}"},"query-input":{"@type":"PropertyValueSpecification","valueRequired":true,"valueName":"search_term_string"}}],"inLanguage":"es"},{"@type":"Person","@id":"https:\/\/www.fyffes.com\/es\/#\/schema\/person\/a28784179f55c838fbb2ee5e944fc3b6","name":"azul","image":{"@type":"ImageObject","inLanguage":"es","@id":"https:\/\/www.fyffes.com\/es\/#\/schema\/person\/image\/","url":"https:\/\/secure.gravatar.com\/avatar\/f82a53bde665b923d5aecc44980155a7a17036c91d0c99a58ff1056e4806e7f4?s=96&d=mm&r=g","contentUrl":"https:\/\/secure.gravatar.com\/avatar\/f82a53bde665b923d5aecc44980155a7a17036c91d0c99a58ff1056e4806e7f4?s=96&d=mm&r=g","caption":"azul"},"url":"https:\/\/www.fyffes.com\/es\/news\/author\/azul\/"}]}},"_links":{"self":[{"href":"https:\/\/www.fyffes.com\/es\/wp-json\/wp\/v2\/posts\/4594","targetHints":{"allow":["GET"]}}],"collection":[{"href":"https:\/\/www.fyffes.com\/es\/wp-json\/wp\/v2\/posts"}],"about":[{"href":"https:\/\/www.fyffes.com\/es\/wp-json\/wp\/v2\/types\/post"}],"author":[{"embeddable":true,"href":"https:\/\/www.fyffes.com\/es\/wp-json\/wp\/v2\/users\/8"}],"replies":[{"embeddable":true,"href":"https:\/\/www.fyffes.com\/es\/wp-json\/wp\/v2\/comments?post=4594"}],"version-history":[{"count":2,"href":"https:\/\/www.fyffes.com\/es\/wp-json\/wp\/v2\/posts\/4594\/revisions"}],"predecessor-version":[{"id":4598,"href":"https:\/\/www.fyffes.com\/es\/wp-json\/wp\/v2\/posts\/4594\/revisions\/4598"}],"wp:featuredmedia":[{"embeddable":true,"href":"https:\/\/www.fyffes.com\/es\/wp-json\/wp\/v2\/media\/4595"}],"wp:attachment":[{"href":"https:\/\/www.fyffes.com\/es\/wp-json\/wp\/v2\/media?parent=4594"}],"wp:term":[{"taxonomy":"category","embeddable":true,"href":"https:\/\/www.fyffes.com\/es\/wp-json\/wp\/v2\/categories?post=4594"},{"taxonomy":"post_tag","embeddable":true,"href":"https:\/\/www.fyffes.com\/es\/wp-json\/wp\/v2\/tags?post=4594"}],"curies":[{"name":"wp","href":"https:\/\/api.w.org\/{rel}","templated":true}]}}