{"id":4822,"date":"2022-09-06T14:49:37","date_gmt":"2022-09-06T13:49:37","guid":{"rendered":"https:\/\/www.fyffes.com\/es\/?p=4822"},"modified":"2022-09-06T14:49:37","modified_gmt":"2022-09-06T13:49:37","slug":"fyffes-anuncia-transformacion-del-negocio-de-melon-en-honduras","status":"publish","type":"post","link":"https:\/\/www.fyffes.com\/es\/news\/fyffes-anuncia-transformacion-del-negocio-de-melon-en-honduras\/","title":{"rendered":"Fyffes Anuncia Transformacion del Negocio de Melon en Honduras"},"content":{"rendered":"<p>Con el fin de evidenciar un negocio de mel\u00f3n m\u00e1s responsable, \u00e9tico y ambientalmente positivo en Honduras, la compa\u00f1\u00eda multinacional de frutas Fyffes y su subsidiaria Grupo Sol, comunicaron los primeros resultados de la transformaci\u00f3n de su negocio de melones en este pa\u00eds, la cual se ha acelerado desde septiembre del 2021, gracias a una nueva administraci\u00f3n y liderazgo que prioriza las condiciones laborales, la participaci\u00f3n y el mejoramiento de la comunidad, la gesti\u00f3n ambiental, as\u00ed como una gobernanza empresarial s\u00f3lida.<\/p>\n<p>El primer paso para la transformaci\u00f3n fue el establecimiento de la nueva gerencia de Grupo Sol, designando a un nuevo gerente general de abastecimiento de mel\u00f3n, Genivaldo Pereira, en octubre de 2021. Le siguieron la incorporaci\u00f3n de un nuevo gerente de operaciones en Honduras, Reginaldo de Lima, as\u00ed como la de nuevos gerentes de cumplimiento, recursos humanos, sostenibilidad, relaciones laborales y de finca. Con el apoyo del equipo ejecutivo de Fyffes, la nueva gerencia ha hecho importantes cambios en las operaciones de melones en Honduras, entre los que se destacan:<\/p>\n<p><strong>Condiciones Laborales:<\/strong><\/p>\n<ul>\n<li>Se llev\u00f3 a cabo evaluaciones de riesgo, an\u00e1lisis y estandarizaci\u00f3n de los procedimientos y tareas para para garantizar la seguridad y equidad de los trabajadores, as\u00ed como el desempe\u00f1o.<\/li>\n<li>Se realizaron inversiones a gran escala en la capacitaci\u00f3n y perfeccionamiento de los trabajadores en los nuevos procedimientos operativos.<\/li>\n<li>Se garantiza el suministro de equipo de protecci\u00f3n personal correcto para todos los trabajadores.<\/li>\n<li>Se elimin\u00f3 el sistema de contrataci\u00f3n de trabajadores de temporada a trav\u00e9s de capataces y se estableci\u00f3 un nuevo protocolo de contrataci\u00f3n bajo la supervisi\u00f3n del departamento de recursos humanos.<\/li>\n<li>Se elimin\u00f3 m\u00e1s de 12.000 toneladas de pl\u00e1stico, contenedores y otros desechos agr\u00edcolas acumulados en las fincas a lo largo de los a\u00f1os, los cuales creaban riesgos para la salud, la seguridad, y el medio ambiente.<\/li>\n<li>En 2022, Suragroh (una de las empresas de Grupo Sol en Honduras) realiz\u00f3 la primera Evaluaci\u00f3n Externa <em>IndicaRSE<\/em> con la Fundaci\u00f3n Hondure\u00f1a de la Responsabilidad Social Empresarial (FUNDAHRSE).<\/li>\n<\/ul>\n<p><strong>Seguridad Social:<\/strong><\/p>\n<ul>\n<li>Si bien la legislaci\u00f3n laboral hondure\u00f1a exige que las empresas paguen seguridad social por los trabajadores de temporada, en la pr\u00e1ctica los trabajadores no reciben de vuelta este beneficio por parte del departamento de trabajo y seguridad social. Para mitigar esta situaci\u00f3n, la gerencia local acord\u00f3 con los Sindicatos de Base pagar a los trabajadores temporales un bono de aproximadamente el 80 % del pago de la seguridad social.<\/li>\n<li>La empresa ofrece cinco cl\u00ednicas m\u00e9dicas dentro o cerca de las fincas, cinco m\u00e9dicos de tiempo completo, cinco ambulancias, y cuatro enfermeras contratadas durante la temporada alta.<\/li>\n<li>En 2022 se introdujeron las <em>Brigadas M\u00e9dicas Comunitarias<\/em> para brindar atenci\u00f3n m\u00e9dica a 1.000 personas de 15 comunidades durante la temporada baja.<\/li>\n<li>La empresa tambi\u00e9n ofrece la oportunidad de ingresos adicionales a los trabajadores temporales a trav\u00e9s de un programa de cultivo de ma\u00edz durante la temporada baja.<\/li>\n<\/ul>\n<p><strong>Inversi\u00f3n Comunitaria:<\/strong><\/p>\n<ul>\n<li>Se llev\u00f3 a cabo una Evaluaci\u00f3n de las Necesidades de la Comunidad en la zona de Choluteca, cerca de las fincas de mel\u00f3n de la empresa, para identificar las \u00e1reas de inversi\u00f3n comunitaria m\u00e1s importantes y urgentes.<\/li>\n<li>Como resultado, se iniciaron varios proyectos de inversi\u00f3n comunitaria en el a\u00f1o 2022:\n<ul>\n<li>Programa de donaci\u00f3n escolar <em>Nutrici\u00f3n con Sabor a Mel\u00f3n<\/em> que ha beneficiado a 138 familias.<\/li>\n<li>Ampliaci\u00f3n del proyecto <em>Cultivo de Ma\u00edz y Seguridad Alimentaria<\/em> durante la temporada baja, beneficiando a 202 familias.<\/li>\n<li><em>Programa de Igualdad de G\u00e9nero<\/em> de Fyffes, con 1.005 trabajadores que completaron el programa para apoyar el objetivo de sostenibilidad de la compa\u00f1\u00eda de asegurar que \u2018el 100% de nuestros propios trabajadores en Am\u00e9rica Latina est\u00e9n capacitados en igualdad de g\u00e9nero\u2019.<\/li>\n<li>Proyecto <em>Regreso Seguro a Clases<\/em>, que incluye la donaci\u00f3n de equipos de protecci\u00f3n y capacitaci\u00f3n para prevenir el COVID-19 en 30 escuelas que beneficia a 6.500 estudiantes.<\/li>\n<\/ul>\n<\/li>\n<\/ul>\n<p><strong>Libertad de Asociaci\u00f3n:<\/strong><\/p>\n<ul>\n<li>Un sindicato de base opera en cada una de las fincas de mel\u00f3n de Grupo Sol en Choluteca, y la mayor\u00eda de los empleados y trabajadores temporales est\u00e1n representados por esos sindicatos.<\/li>\n<li>En abril de 2022, los sindicatos de base concluyeron su primer contrato colectivo de tres a\u00f1os, y tambi\u00e9n sus juntas directivas llegaron al final de su mandato. En una asamblea general, los sindicatos eligieron nuevas juntas directivas, respondiendo a los comentarios del movimiento internacional de derechos laborales, asegurando que las juntas cumplan tanto con la legislaci\u00f3n laboral hondure\u00f1a como con los convenios de la OIT.<\/li>\n<li>Durante las \u00faltimas tres temporadas, las fincas han contratado afiliados al Sindicato de Trabajadores de la Agroindustria y Similares (STAS), un sindicato leg\u00edtimo pero que no tiene estatus de subsecci\u00f3n en las fincas d Grupo Sol, lo que brinda libertad de asociaci\u00f3n.<\/li>\n<li>Fue impartida la capacitaci\u00f3n sobre legislaci\u00f3n laboral hondure\u00f1a y convenios de la OIT por un experto laboral a las nuevas juntas directivas de los sindicatos de base que representan tanto a trabajadores temporales como permanentes.<\/li>\n<\/ul>\n<p>Reflexionando acerca de los resultados obtenidos hasta la fecha, Genivaldo Pereira comenta: \u201cEstamos complacidos por los avances que se han logrado en los \u00faltimos 12 meses. Sin duda, este es el inicio de un proceso de mejora continua en el que nos vemos totalmente comprometidos, no solo para seguir fortaleciendo nuestra estrategia en materia de sostenibilidad, sino tambi\u00e9n para fomentar y fortalecer la oportunidad comercial y econ\u00f3mica para los hondure\u00f1os en las comunidades que rodean nuestras fincas\u201d.<\/p>\n","protected":false},"excerpt":{"rendered":"<p>Con el fin de evidenciar un negocio de mel\u00f3n m\u00e1s responsable, \u00e9tico y ambientalmente positivo en Honduras, la compa\u00f1\u00eda multinacional de frutas Fyffes y su subsidiaria Grupo Sol, comunicaron los primeros resultados de la transformaci\u00f3n de su negocio de melones en este pa\u00eds, la cual se ha acelerado desde septiembre del 2021, gracias a una [&hellip;]<\/p>\n","protected":false},"author":8,"featured_media":4823,"comment_status":"closed","ping_status":"closed","sticky":false,"template":"","format":"standard","meta":{"_acf_changed":false,"footnotes":""},"categories":[48,46],"tags":[],"class_list":["post-4822","post","type-post","status-publish","format-standard","has-post-thumbnail","hentry","category-anuncios","category-sostenibilidad"],"acf":[],"yoast_head":"<!-- This site is optimized with the Yoast SEO plugin v26.7 - https:\/\/yoast.com\/wordpress\/plugins\/seo\/ -->\n<title>Fyffes Anuncia Transformacion del Negocio de Melon en Honduras - Fyffes - ES<\/title>\n<meta name=\"description\" content=\"Con el fin de evidenciar un negocio de mel\u00f3n m\u00e1s responsable, \u00e9tico y ambientalmente positivo en Honduras, la compa\u00f1\u00eda multinacional de frutas Fyffes y su\" \/>\n<meta name=\"robots\" content=\"index, follow, max-snippet:-1, max-image-preview:large, max-video-preview:-1\" \/>\n<link rel=\"canonical\" href=\"https:\/\/www.fyffes.com\/es\/news\/fyffes-anuncia-transformacion-del-negocio-de-melon-en-honduras\/\" \/>\n<meta property=\"og:locale\" content=\"es_ES\" \/>\n<meta property=\"og:type\" content=\"article\" \/>\n<meta property=\"og:title\" content=\"Fyffes Anuncia Transformacion del Negocio de Melon en Honduras - Fyffes - ES\" \/>\n<meta property=\"og:description\" content=\"Con el fin de evidenciar un negocio de mel\u00f3n m\u00e1s responsable, \u00e9tico y ambientalmente positivo en Honduras, la compa\u00f1\u00eda multinacional de frutas Fyffes y su\" \/>\n<meta property=\"og:url\" content=\"https:\/\/www.fyffes.com\/es\/news\/fyffes-anuncia-transformacion-del-negocio-de-melon-en-honduras\/\" \/>\n<meta property=\"og:site_name\" content=\"Fyffes - ES\" \/>\n<meta property=\"article:published_time\" content=\"2022-09-06T13:49:37+00:00\" \/>\n<meta property=\"og:image\" content=\"https:\/\/www.fyffes.com\/es\/wp-content\/uploads\/sites\/3\/2022\/09\/Melons-New-Management.png\" \/>\n\t<meta property=\"og:image:width\" content=\"817\" \/>\n\t<meta property=\"og:image:height\" content=\"1057\" \/>\n\t<meta property=\"og:image:type\" content=\"image\/png\" \/>\n<meta name=\"author\" content=\"azul\" \/>\n<meta name=\"twitter:card\" content=\"summary_large_image\" \/>\n<meta name=\"twitter:label1\" content=\"Escrito por\" \/>\n\t<meta name=\"twitter:data1\" content=\"azul\" \/>\n\t<meta name=\"twitter:label2\" content=\"Tiempo de lectura\" \/>\n\t<meta name=\"twitter:data2\" content=\"4 minutos\" \/>\n<script type=\"application\/ld+json\" class=\"yoast-schema-graph\">{\"@context\":\"https:\/\/schema.org\",\"@graph\":[{\"@type\":\"Article\",\"@id\":\"https:\/\/www.fyffes.com\/es\/news\/fyffes-anuncia-transformacion-del-negocio-de-melon-en-honduras\/#article\",\"isPartOf\":{\"@id\":\"https:\/\/www.fyffes.com\/es\/news\/fyffes-anuncia-transformacion-del-negocio-de-melon-en-honduras\/\"},\"author\":{\"name\":\"azul\",\"@id\":\"https:\/\/www.fyffes.com\/es\/#\/schema\/person\/a28784179f55c838fbb2ee5e944fc3b6\"},\"headline\":\"Fyffes Anuncia Transformacion del Negocio de Melon en Honduras\",\"datePublished\":\"2022-09-06T13:49:37+00:00\",\"mainEntityOfPage\":{\"@id\":\"https:\/\/www.fyffes.com\/es\/news\/fyffes-anuncia-transformacion-del-negocio-de-melon-en-honduras\/\"},\"wordCount\":950,\"image\":{\"@id\":\"https:\/\/www.fyffes.com\/es\/news\/fyffes-anuncia-transformacion-del-negocio-de-melon-en-honduras\/#primaryimage\"},\"thumbnailUrl\":\"https:\/\/www.fyffes.com\/es\/wp-content\/uploads\/sites\/3\/2022\/09\/Melons-New-Management.png\",\"articleSection\":[\"Anuncios\",\"Sostenibilidad\"],\"inLanguage\":\"es\"},{\"@type\":\"WebPage\",\"@id\":\"https:\/\/www.fyffes.com\/es\/news\/fyffes-anuncia-transformacion-del-negocio-de-melon-en-honduras\/\",\"url\":\"https:\/\/www.fyffes.com\/es\/news\/fyffes-anuncia-transformacion-del-negocio-de-melon-en-honduras\/\",\"name\":\"Fyffes Anuncia Transformacion del Negocio de Melon en Honduras - Fyffes - ES\",\"isPartOf\":{\"@id\":\"https:\/\/www.fyffes.com\/es\/#website\"},\"primaryImageOfPage\":{\"@id\":\"https:\/\/www.fyffes.com\/es\/news\/fyffes-anuncia-transformacion-del-negocio-de-melon-en-honduras\/#primaryimage\"},\"image\":{\"@id\":\"https:\/\/www.fyffes.com\/es\/news\/fyffes-anuncia-transformacion-del-negocio-de-melon-en-honduras\/#primaryimage\"},\"thumbnailUrl\":\"https:\/\/www.fyffes.com\/es\/wp-content\/uploads\/sites\/3\/2022\/09\/Melons-New-Management.png\",\"datePublished\":\"2022-09-06T13:49:37+00:00\",\"author\":{\"@id\":\"https:\/\/www.fyffes.com\/es\/#\/schema\/person\/a28784179f55c838fbb2ee5e944fc3b6\"},\"description\":\"Con el fin de evidenciar un negocio de mel\u00f3n m\u00e1s responsable, \u00e9tico y ambientalmente positivo en Honduras, la compa\u00f1\u00eda multinacional de frutas Fyffes y su\",\"breadcrumb\":{\"@id\":\"https:\/\/www.fyffes.com\/es\/news\/fyffes-anuncia-transformacion-del-negocio-de-melon-en-honduras\/#breadcrumb\"},\"inLanguage\":\"es\",\"potentialAction\":[{\"@type\":\"ReadAction\",\"target\":[\"https:\/\/www.fyffes.com\/es\/news\/fyffes-anuncia-transformacion-del-negocio-de-melon-en-honduras\/\"]}]},{\"@type\":\"ImageObject\",\"inLanguage\":\"es\",\"@id\":\"https:\/\/www.fyffes.com\/es\/news\/fyffes-anuncia-transformacion-del-negocio-de-melon-en-honduras\/#primaryimage\",\"url\":\"https:\/\/www.fyffes.com\/es\/wp-content\/uploads\/sites\/3\/2022\/09\/Melons-New-Management.png\",\"contentUrl\":\"https:\/\/www.fyffes.com\/es\/wp-content\/uploads\/sites\/3\/2022\/09\/Melons-New-Management.png\",\"width\":817,\"height\":1057},{\"@type\":\"BreadcrumbList\",\"@id\":\"https:\/\/www.fyffes.com\/es\/news\/fyffes-anuncia-transformacion-del-negocio-de-melon-en-honduras\/#breadcrumb\",\"itemListElement\":[{\"@type\":\"ListItem\",\"position\":1,\"name\":\"Home\",\"item\":\"https:\/\/www.fyffes.com\/es\/\"},{\"@type\":\"ListItem\",\"position\":2,\"name\":\"Fyffes Anuncia Transformacion del Negocio de Melon en Honduras\"}]},{\"@type\":\"WebSite\",\"@id\":\"https:\/\/www.fyffes.com\/es\/#website\",\"url\":\"https:\/\/www.fyffes.com\/es\/\",\"name\":\"Fyffes - ES\",\"description\":\"Our Future is Sustainable\",\"potentialAction\":[{\"@type\":\"SearchAction\",\"target\":{\"@type\":\"EntryPoint\",\"urlTemplate\":\"https:\/\/www.fyffes.com\/es\/?s={search_term_string}\"},\"query-input\":{\"@type\":\"PropertyValueSpecification\",\"valueRequired\":true,\"valueName\":\"search_term_string\"}}],\"inLanguage\":\"es\"},{\"@type\":\"Person\",\"@id\":\"https:\/\/www.fyffes.com\/es\/#\/schema\/person\/a28784179f55c838fbb2ee5e944fc3b6\",\"name\":\"azul\",\"image\":{\"@type\":\"ImageObject\",\"inLanguage\":\"es\",\"@id\":\"https:\/\/www.fyffes.com\/es\/#\/schema\/person\/image\/\",\"url\":\"https:\/\/secure.gravatar.com\/avatar\/f82a53bde665b923d5aecc44980155a7a17036c91d0c99a58ff1056e4806e7f4?s=96&d=mm&r=g\",\"contentUrl\":\"https:\/\/secure.gravatar.com\/avatar\/f82a53bde665b923d5aecc44980155a7a17036c91d0c99a58ff1056e4806e7f4?s=96&d=mm&r=g\",\"caption\":\"azul\"},\"url\":\"https:\/\/www.fyffes.com\/es\/news\/author\/azul\/\"}]}<\/script>\n<!-- \/ Yoast SEO plugin. -->","yoast_head_json":{"title":"Fyffes Anuncia Transformacion del Negocio de Melon en Honduras - Fyffes - ES","description":"Con el fin de evidenciar un negocio de mel\u00f3n m\u00e1s responsable, \u00e9tico y ambientalmente positivo en Honduras, la compa\u00f1\u00eda multinacional de frutas Fyffes y su","robots":{"index":"index","follow":"follow","max-snippet":"max-snippet:-1","max-image-preview":"max-image-preview:large","max-video-preview":"max-video-preview:-1"},"canonical":"https:\/\/www.fyffes.com\/es\/news\/fyffes-anuncia-transformacion-del-negocio-de-melon-en-honduras\/","og_locale":"es_ES","og_type":"article","og_title":"Fyffes Anuncia Transformacion del Negocio de Melon en Honduras - Fyffes - ES","og_description":"Con el fin de evidenciar un negocio de mel\u00f3n m\u00e1s responsable, \u00e9tico y ambientalmente positivo en Honduras, la compa\u00f1\u00eda multinacional de frutas Fyffes y su","og_url":"https:\/\/www.fyffes.com\/es\/news\/fyffes-anuncia-transformacion-del-negocio-de-melon-en-honduras\/","og_site_name":"Fyffes - ES","article_published_time":"2022-09-06T13:49:37+00:00","og_image":[{"width":817,"height":1057,"url":"https:\/\/www.fyffes.com\/es\/wp-content\/uploads\/sites\/3\/2022\/09\/Melons-New-Management.png","type":"image\/png"}],"author":"azul","twitter_card":"summary_large_image","twitter_misc":{"Escrito por":"azul","Tiempo de lectura":"4 minutos"},"schema":{"@context":"https:\/\/schema.org","@graph":[{"@type":"Article","@id":"https:\/\/www.fyffes.com\/es\/news\/fyffes-anuncia-transformacion-del-negocio-de-melon-en-honduras\/#article","isPartOf":{"@id":"https:\/\/www.fyffes.com\/es\/news\/fyffes-anuncia-transformacion-del-negocio-de-melon-en-honduras\/"},"author":{"name":"azul","@id":"https:\/\/www.fyffes.com\/es\/#\/schema\/person\/a28784179f55c838fbb2ee5e944fc3b6"},"headline":"Fyffes Anuncia Transformacion del Negocio de Melon en Honduras","datePublished":"2022-09-06T13:49:37+00:00","mainEntityOfPage":{"@id":"https:\/\/www.fyffes.com\/es\/news\/fyffes-anuncia-transformacion-del-negocio-de-melon-en-honduras\/"},"wordCount":950,"image":{"@id":"https:\/\/www.fyffes.com\/es\/news\/fyffes-anuncia-transformacion-del-negocio-de-melon-en-honduras\/#primaryimage"},"thumbnailUrl":"https:\/\/www.fyffes.com\/es\/wp-content\/uploads\/sites\/3\/2022\/09\/Melons-New-Management.png","articleSection":["Anuncios","Sostenibilidad"],"inLanguage":"es"},{"@type":"WebPage","@id":"https:\/\/www.fyffes.com\/es\/news\/fyffes-anuncia-transformacion-del-negocio-de-melon-en-honduras\/","url":"https:\/\/www.fyffes.com\/es\/news\/fyffes-anuncia-transformacion-del-negocio-de-melon-en-honduras\/","name":"Fyffes Anuncia Transformacion del Negocio de Melon en Honduras - Fyffes - ES","isPartOf":{"@id":"https:\/\/www.fyffes.com\/es\/#website"},"primaryImageOfPage":{"@id":"https:\/\/www.fyffes.com\/es\/news\/fyffes-anuncia-transformacion-del-negocio-de-melon-en-honduras\/#primaryimage"},"image":{"@id":"https:\/\/www.fyffes.com\/es\/news\/fyffes-anuncia-transformacion-del-negocio-de-melon-en-honduras\/#primaryimage"},"thumbnailUrl":"https:\/\/www.fyffes.com\/es\/wp-content\/uploads\/sites\/3\/2022\/09\/Melons-New-Management.png","datePublished":"2022-09-06T13:49:37+00:00","author":{"@id":"https:\/\/www.fyffes.com\/es\/#\/schema\/person\/a28784179f55c838fbb2ee5e944fc3b6"},"description":"Con el fin de evidenciar un negocio de mel\u00f3n m\u00e1s responsable, \u00e9tico y ambientalmente positivo en Honduras, la compa\u00f1\u00eda multinacional de frutas Fyffes y su","breadcrumb":{"@id":"https:\/\/www.fyffes.com\/es\/news\/fyffes-anuncia-transformacion-del-negocio-de-melon-en-honduras\/#breadcrumb"},"inLanguage":"es","potentialAction":[{"@type":"ReadAction","target":["https:\/\/www.fyffes.com\/es\/news\/fyffes-anuncia-transformacion-del-negocio-de-melon-en-honduras\/"]}]},{"@type":"ImageObject","inLanguage":"es","@id":"https:\/\/www.fyffes.com\/es\/news\/fyffes-anuncia-transformacion-del-negocio-de-melon-en-honduras\/#primaryimage","url":"https:\/\/www.fyffes.com\/es\/wp-content\/uploads\/sites\/3\/2022\/09\/Melons-New-Management.png","contentUrl":"https:\/\/www.fyffes.com\/es\/wp-content\/uploads\/sites\/3\/2022\/09\/Melons-New-Management.png","width":817,"height":1057},{"@type":"BreadcrumbList","@id":"https:\/\/www.fyffes.com\/es\/news\/fyffes-anuncia-transformacion-del-negocio-de-melon-en-honduras\/#breadcrumb","itemListElement":[{"@type":"ListItem","position":1,"name":"Home","item":"https:\/\/www.fyffes.com\/es\/"},{"@type":"ListItem","position":2,"name":"Fyffes Anuncia Transformacion del Negocio de Melon en Honduras"}]},{"@type":"WebSite","@id":"https:\/\/www.fyffes.com\/es\/#website","url":"https:\/\/www.fyffes.com\/es\/","name":"Fyffes - ES","description":"Our Future is Sustainable","potentialAction":[{"@type":"SearchAction","target":{"@type":"EntryPoint","urlTemplate":"https:\/\/www.fyffes.com\/es\/?s={search_term_string}"},"query-input":{"@type":"PropertyValueSpecification","valueRequired":true,"valueName":"search_term_string"}}],"inLanguage":"es"},{"@type":"Person","@id":"https:\/\/www.fyffes.com\/es\/#\/schema\/person\/a28784179f55c838fbb2ee5e944fc3b6","name":"azul","image":{"@type":"ImageObject","inLanguage":"es","@id":"https:\/\/www.fyffes.com\/es\/#\/schema\/person\/image\/","url":"https:\/\/secure.gravatar.com\/avatar\/f82a53bde665b923d5aecc44980155a7a17036c91d0c99a58ff1056e4806e7f4?s=96&d=mm&r=g","contentUrl":"https:\/\/secure.gravatar.com\/avatar\/f82a53bde665b923d5aecc44980155a7a17036c91d0c99a58ff1056e4806e7f4?s=96&d=mm&r=g","caption":"azul"},"url":"https:\/\/www.fyffes.com\/es\/news\/author\/azul\/"}]}},"_links":{"self":[{"href":"https:\/\/www.fyffes.com\/es\/wp-json\/wp\/v2\/posts\/4822","targetHints":{"allow":["GET"]}}],"collection":[{"href":"https:\/\/www.fyffes.com\/es\/wp-json\/wp\/v2\/posts"}],"about":[{"href":"https:\/\/www.fyffes.com\/es\/wp-json\/wp\/v2\/types\/post"}],"author":[{"embeddable":true,"href":"https:\/\/www.fyffes.com\/es\/wp-json\/wp\/v2\/users\/8"}],"replies":[{"embeddable":true,"href":"https:\/\/www.fyffes.com\/es\/wp-json\/wp\/v2\/comments?post=4822"}],"version-history":[{"count":1,"href":"https:\/\/www.fyffes.com\/es\/wp-json\/wp\/v2\/posts\/4822\/revisions"}],"predecessor-version":[{"id":4825,"href":"https:\/\/www.fyffes.com\/es\/wp-json\/wp\/v2\/posts\/4822\/revisions\/4825"}],"wp:featuredmedia":[{"embeddable":true,"href":"https:\/\/www.fyffes.com\/es\/wp-json\/wp\/v2\/media\/4823"}],"wp:attachment":[{"href":"https:\/\/www.fyffes.com\/es\/wp-json\/wp\/v2\/media?parent=4822"}],"wp:term":[{"taxonomy":"category","embeddable":true,"href":"https:\/\/www.fyffes.com\/es\/wp-json\/wp\/v2\/categories?post=4822"},{"taxonomy":"post_tag","embeddable":true,"href":"https:\/\/www.fyffes.com\/es\/wp-json\/wp\/v2\/tags?post=4822"}],"curies":[{"name":"wp","href":"https:\/\/api.w.org\/{rel}","templated":true}]}}