{"id":5936,"date":"2024-02-14T19:47:11","date_gmt":"2024-02-14T19:47:11","guid":{"rendered":"https:\/\/www.fyffes.com\/es\/?p=5936"},"modified":"2024-02-14T19:47:11","modified_gmt":"2024-02-14T19:47:11","slug":"fyffes-eleva-su-marca-de-consumo-trudis-en-fruit-logistica","status":"publish","type":"post","link":"https:\/\/www.fyffes.com\/es\/news\/fyffes-eleva-su-marca-de-consumo-trudis-en-fruit-logistica\/","title":{"rendered":"Fyffes Eleva Su Marca de Consumo Trudi\u2019s en Fruit Logistica"},"content":{"rendered":"<p>Tras la exitosa introducci\u00f3n de la marca de consumo Trudi&#8217;s de Fyffes el pasado mes de octubre, la empresa presentar\u00e1 la nueva campa\u00f1a de marca en Fruit Logistica. Esta innovadora activaci\u00f3n promete a los asistentes una experiencia inmersiva con Trudi&#8217;s, ofreciendo un encuentro de primera mano con la marca.<\/p>\n<p>Basado en una extensa investigaci\u00f3n global sobre consumidores, Trudi&#8217;s se basa en el deseo de los consumidores de garantizar que las frutas consumidas contribuyan positivamente a las comunidades y a las vidas de quienes participan en el cultivo. El lema de Trudi&#8217;s es \u00abGood Fruit, Doing Good\u201d y refleja un compromiso con el empoderamiento de las mujeres, la educaci\u00f3n de calidad y la mejora de la nutrici\u00f3n en las comunidades donde operan las fincas de Fyffes y las fincas de sus proveedores.<\/p>\n<p>Esta semana, en Fruit Logistica en Berl\u00edn, Fyffes entablar\u00e1 charlas estrat\u00e9gicas con sus socios minoristas. El objetivo principal ser\u00e1 presentar la propuesta de valor distintiva de Trudi, respaldada por una amplia estrategia de comercializaci\u00f3n y una s\u00f3lida activaci\u00f3n de marketing. El objetivo no es s\u00f3lo concienciar a los consumidores sino tambi\u00e9n impulsar estrat\u00e9gicamente el tr\u00e1fico y facilitar la conversi\u00f3n de Trudi&#8217;s en el mercado europeo.<\/p>\n<p>La presencia de Fyffes en Fruit Logistica marca un momento crucial para la marca Trudi\u2019s, aline\u00e1ndose con la dedicaci\u00f3n de la empresa a la excelencia y la responsabilidad social. A trav\u00e9s de esta din\u00e1mica iniciativa, Fyffes pretende solidificar a\u00fan m\u00e1s la posici\u00f3n de Trudi\u2019s como la marca de consumo l\u00edder que no s\u00f3lo ofrece productos de primera calidad sino que tambi\u00e9n contribuye activamente al mejoramiento de las comunidades en todo el mundo.<\/p>\n","protected":false},"excerpt":{"rendered":"<p>Tras la exitosa introducci\u00f3n de la marca de consumo Trudi&#8217;s de Fyffes el pasado mes de octubre, la empresa presentar\u00e1 la nueva campa\u00f1a de marca en Fruit Logistica. Esta innovadora activaci\u00f3n promete a los asistentes una experiencia inmersiva con Trudi&#8217;s, ofreciendo un encuentro de primera mano con la marca. Basado en una extensa investigaci\u00f3n global [&hellip;]<\/p>\n","protected":false},"author":8,"featured_media":5937,"comment_status":"closed","ping_status":"closed","sticky":false,"template":"","format":"standard","meta":{"_acf_changed":false,"footnotes":""},"categories":[35],"tags":[],"class_list":["post-5936","post","type-post","status-publish","format-standard","has-post-thumbnail","hentry","category-comunidad"],"acf":[],"yoast_head":"<!-- This site is optimized with the Yoast SEO plugin v27.5 - https:\/\/yoast.com\/product\/yoast-seo-wordpress\/ -->\n<title>Fyffes Eleva Su Marca de Consumo Trudi\u2019s en Fruit Logistica - Fyffes - ES<\/title>\n<meta name=\"description\" content=\"Tras la exitosa introducci\u00f3n de la marca de consumo Trudi&#039;s de Fyffes el pasado mes de octubre, la empresa presentar\u00e1 la nueva campa\u00f1a de marca en Fruit\" \/>\n<meta name=\"robots\" content=\"index, follow, max-snippet:-1, max-image-preview:large, max-video-preview:-1\" \/>\n<link rel=\"canonical\" href=\"https:\/\/www.fyffes.com\/es\/news\/fyffes-eleva-su-marca-de-consumo-trudis-en-fruit-logistica\/\" \/>\n<meta property=\"og:locale\" content=\"es_ES\" \/>\n<meta property=\"og:type\" content=\"article\" \/>\n<meta property=\"og:title\" content=\"Fyffes Eleva Su Marca de Consumo Trudi\u2019s en Fruit Logistica - Fyffes - ES\" \/>\n<meta property=\"og:description\" content=\"Tras la exitosa introducci\u00f3n de la marca de consumo Trudi&#039;s de Fyffes el pasado mes de octubre, la empresa presentar\u00e1 la nueva campa\u00f1a de marca en Fruit\" \/>\n<meta property=\"og:url\" content=\"https:\/\/www.fyffes.com\/es\/news\/fyffes-eleva-su-marca-de-consumo-trudis-en-fruit-logistica\/\" \/>\n<meta property=\"og:site_name\" content=\"Fyffes - ES\" \/>\n<meta property=\"article:published_time\" content=\"2024-02-14T19:47:11+00:00\" \/>\n<meta property=\"og:image\" content=\"https:\/\/www.fyffes.com\/es\/wp-content\/uploads\/sites\/3\/2024\/02\/IMG_5369-e1707940021467.jpeg\" \/>\n\t<meta property=\"og:image:width\" content=\"1153\" \/>\n\t<meta property=\"og:image:height\" content=\"808\" \/>\n\t<meta property=\"og:image:type\" content=\"image\/jpeg\" \/>\n<meta name=\"author\" content=\"azul\" \/>\n<meta name=\"twitter:card\" content=\"summary_large_image\" \/>\n<meta name=\"twitter:label1\" content=\"Escrito por\" \/>\n\t<meta name=\"twitter:data1\" content=\"azul\" \/>\n\t<meta name=\"twitter:label2\" content=\"Tiempo de lectura\" \/>\n\t<meta name=\"twitter:data2\" content=\"2 minutos\" \/>\n<script type=\"application\/ld+json\" class=\"yoast-schema-graph\">{\"@context\":\"https:\\\/\\\/schema.org\",\"@graph\":[{\"@type\":\"Article\",\"@id\":\"https:\\\/\\\/www.fyffes.com\\\/es\\\/news\\\/fyffes-eleva-su-marca-de-consumo-trudis-en-fruit-logistica\\\/#article\",\"isPartOf\":{\"@id\":\"https:\\\/\\\/www.fyffes.com\\\/es\\\/news\\\/fyffes-eleva-su-marca-de-consumo-trudis-en-fruit-logistica\\\/\"},\"author\":{\"name\":\"azul\",\"@id\":\"https:\\\/\\\/www.fyffes.com\\\/es\\\/#\\\/schema\\\/person\\\/a28784179f55c838fbb2ee5e944fc3b6\"},\"headline\":\"Fyffes Eleva Su Marca de Consumo Trudi\u2019s en Fruit Logistica\",\"datePublished\":\"2024-02-14T19:47:11+00:00\",\"mainEntityOfPage\":{\"@id\":\"https:\\\/\\\/www.fyffes.com\\\/es\\\/news\\\/fyffes-eleva-su-marca-de-consumo-trudis-en-fruit-logistica\\\/\"},\"wordCount\":307,\"image\":{\"@id\":\"https:\\\/\\\/www.fyffes.com\\\/es\\\/news\\\/fyffes-eleva-su-marca-de-consumo-trudis-en-fruit-logistica\\\/#primaryimage\"},\"thumbnailUrl\":\"https:\\\/\\\/www.fyffes.com\\\/es\\\/wp-content\\\/uploads\\\/sites\\\/3\\\/2024\\\/02\\\/IMG_5369-e1707940021467.jpeg\",\"articleSection\":[\"comunidad\"],\"inLanguage\":\"es\"},{\"@type\":\"WebPage\",\"@id\":\"https:\\\/\\\/www.fyffes.com\\\/es\\\/news\\\/fyffes-eleva-su-marca-de-consumo-trudis-en-fruit-logistica\\\/\",\"url\":\"https:\\\/\\\/www.fyffes.com\\\/es\\\/news\\\/fyffes-eleva-su-marca-de-consumo-trudis-en-fruit-logistica\\\/\",\"name\":\"Fyffes Eleva Su Marca de Consumo Trudi\u2019s en Fruit Logistica - Fyffes - ES\",\"isPartOf\":{\"@id\":\"https:\\\/\\\/www.fyffes.com\\\/es\\\/#website\"},\"primaryImageOfPage\":{\"@id\":\"https:\\\/\\\/www.fyffes.com\\\/es\\\/news\\\/fyffes-eleva-su-marca-de-consumo-trudis-en-fruit-logistica\\\/#primaryimage\"},\"image\":{\"@id\":\"https:\\\/\\\/www.fyffes.com\\\/es\\\/news\\\/fyffes-eleva-su-marca-de-consumo-trudis-en-fruit-logistica\\\/#primaryimage\"},\"thumbnailUrl\":\"https:\\\/\\\/www.fyffes.com\\\/es\\\/wp-content\\\/uploads\\\/sites\\\/3\\\/2024\\\/02\\\/IMG_5369-e1707940021467.jpeg\",\"datePublished\":\"2024-02-14T19:47:11+00:00\",\"author\":{\"@id\":\"https:\\\/\\\/www.fyffes.com\\\/es\\\/#\\\/schema\\\/person\\\/a28784179f55c838fbb2ee5e944fc3b6\"},\"description\":\"Tras la exitosa introducci\u00f3n de la marca de consumo Trudi's de Fyffes el pasado mes de octubre, la empresa presentar\u00e1 la nueva campa\u00f1a de marca en Fruit\",\"breadcrumb\":{\"@id\":\"https:\\\/\\\/www.fyffes.com\\\/es\\\/news\\\/fyffes-eleva-su-marca-de-consumo-trudis-en-fruit-logistica\\\/#breadcrumb\"},\"inLanguage\":\"es\",\"potentialAction\":[{\"@type\":\"ReadAction\",\"target\":[\"https:\\\/\\\/www.fyffes.com\\\/es\\\/news\\\/fyffes-eleva-su-marca-de-consumo-trudis-en-fruit-logistica\\\/\"]}]},{\"@type\":\"ImageObject\",\"inLanguage\":\"es\",\"@id\":\"https:\\\/\\\/www.fyffes.com\\\/es\\\/news\\\/fyffes-eleva-su-marca-de-consumo-trudis-en-fruit-logistica\\\/#primaryimage\",\"url\":\"https:\\\/\\\/www.fyffes.com\\\/es\\\/wp-content\\\/uploads\\\/sites\\\/3\\\/2024\\\/02\\\/IMG_5369-e1707940021467.jpeg\",\"contentUrl\":\"https:\\\/\\\/www.fyffes.com\\\/es\\\/wp-content\\\/uploads\\\/sites\\\/3\\\/2024\\\/02\\\/IMG_5369-e1707940021467.jpeg\",\"width\":1153,\"height\":808},{\"@type\":\"BreadcrumbList\",\"@id\":\"https:\\\/\\\/www.fyffes.com\\\/es\\\/news\\\/fyffes-eleva-su-marca-de-consumo-trudis-en-fruit-logistica\\\/#breadcrumb\",\"itemListElement\":[{\"@type\":\"ListItem\",\"position\":1,\"name\":\"Home\",\"item\":\"https:\\\/\\\/www.fyffes.com\\\/es\\\/\"},{\"@type\":\"ListItem\",\"position\":2,\"name\":\"Fyffes Eleva Su Marca de Consumo Trudi\u2019s en Fruit Logistica\"}]},{\"@type\":\"WebSite\",\"@id\":\"https:\\\/\\\/www.fyffes.com\\\/es\\\/#website\",\"url\":\"https:\\\/\\\/www.fyffes.com\\\/es\\\/\",\"name\":\"Fyffes - ES\",\"description\":\"Our Future is Sustainable\",\"potentialAction\":[{\"@type\":\"SearchAction\",\"target\":{\"@type\":\"EntryPoint\",\"urlTemplate\":\"https:\\\/\\\/www.fyffes.com\\\/es\\\/?s={search_term_string}\"},\"query-input\":{\"@type\":\"PropertyValueSpecification\",\"valueRequired\":true,\"valueName\":\"search_term_string\"}}],\"inLanguage\":\"es\"},{\"@type\":\"Person\",\"@id\":\"https:\\\/\\\/www.fyffes.com\\\/es\\\/#\\\/schema\\\/person\\\/a28784179f55c838fbb2ee5e944fc3b6\",\"name\":\"azul\",\"image\":{\"@type\":\"ImageObject\",\"inLanguage\":\"es\",\"@id\":\"https:\\\/\\\/secure.gravatar.com\\\/avatar\\\/f82a53bde665b923d5aecc44980155a7a17036c91d0c99a58ff1056e4806e7f4?s=96&d=mm&r=g\",\"url\":\"https:\\\/\\\/secure.gravatar.com\\\/avatar\\\/f82a53bde665b923d5aecc44980155a7a17036c91d0c99a58ff1056e4806e7f4?s=96&d=mm&r=g\",\"contentUrl\":\"https:\\\/\\\/secure.gravatar.com\\\/avatar\\\/f82a53bde665b923d5aecc44980155a7a17036c91d0c99a58ff1056e4806e7f4?s=96&d=mm&r=g\",\"caption\":\"azul\"},\"url\":\"https:\\\/\\\/www.fyffes.com\\\/es\\\/news\\\/author\\\/azul\\\/\"}]}<\/script>\n<!-- \/ Yoast SEO plugin. -->","yoast_head_json":{"title":"Fyffes Eleva Su Marca de Consumo Trudi\u2019s en Fruit Logistica - Fyffes - ES","description":"Tras la exitosa introducci\u00f3n de la marca de consumo Trudi's de Fyffes el pasado mes de octubre, la empresa presentar\u00e1 la nueva campa\u00f1a de marca en Fruit","robots":{"index":"index","follow":"follow","max-snippet":"max-snippet:-1","max-image-preview":"max-image-preview:large","max-video-preview":"max-video-preview:-1"},"canonical":"https:\/\/www.fyffes.com\/es\/news\/fyffes-eleva-su-marca-de-consumo-trudis-en-fruit-logistica\/","og_locale":"es_ES","og_type":"article","og_title":"Fyffes Eleva Su Marca de Consumo Trudi\u2019s en Fruit Logistica - Fyffes - ES","og_description":"Tras la exitosa introducci\u00f3n de la marca de consumo Trudi's de Fyffes el pasado mes de octubre, la empresa presentar\u00e1 la nueva campa\u00f1a de marca en Fruit","og_url":"https:\/\/www.fyffes.com\/es\/news\/fyffes-eleva-su-marca-de-consumo-trudis-en-fruit-logistica\/","og_site_name":"Fyffes - ES","article_published_time":"2024-02-14T19:47:11+00:00","og_image":[{"width":1153,"height":808,"url":"https:\/\/www.fyffes.com\/es\/wp-content\/uploads\/sites\/3\/2024\/02\/IMG_5369-e1707940021467.jpeg","type":"image\/jpeg"}],"author":"azul","twitter_card":"summary_large_image","twitter_misc":{"Escrito por":"azul","Tiempo de lectura":"2 minutos"},"schema":{"@context":"https:\/\/schema.org","@graph":[{"@type":"Article","@id":"https:\/\/www.fyffes.com\/es\/news\/fyffes-eleva-su-marca-de-consumo-trudis-en-fruit-logistica\/#article","isPartOf":{"@id":"https:\/\/www.fyffes.com\/es\/news\/fyffes-eleva-su-marca-de-consumo-trudis-en-fruit-logistica\/"},"author":{"name":"azul","@id":"https:\/\/www.fyffes.com\/es\/#\/schema\/person\/a28784179f55c838fbb2ee5e944fc3b6"},"headline":"Fyffes Eleva Su Marca de Consumo Trudi\u2019s en Fruit Logistica","datePublished":"2024-02-14T19:47:11+00:00","mainEntityOfPage":{"@id":"https:\/\/www.fyffes.com\/es\/news\/fyffes-eleva-su-marca-de-consumo-trudis-en-fruit-logistica\/"},"wordCount":307,"image":{"@id":"https:\/\/www.fyffes.com\/es\/news\/fyffes-eleva-su-marca-de-consumo-trudis-en-fruit-logistica\/#primaryimage"},"thumbnailUrl":"https:\/\/www.fyffes.com\/es\/wp-content\/uploads\/sites\/3\/2024\/02\/IMG_5369-e1707940021467.jpeg","articleSection":["comunidad"],"inLanguage":"es"},{"@type":"WebPage","@id":"https:\/\/www.fyffes.com\/es\/news\/fyffes-eleva-su-marca-de-consumo-trudis-en-fruit-logistica\/","url":"https:\/\/www.fyffes.com\/es\/news\/fyffes-eleva-su-marca-de-consumo-trudis-en-fruit-logistica\/","name":"Fyffes Eleva Su Marca de Consumo Trudi\u2019s en Fruit Logistica - Fyffes - ES","isPartOf":{"@id":"https:\/\/www.fyffes.com\/es\/#website"},"primaryImageOfPage":{"@id":"https:\/\/www.fyffes.com\/es\/news\/fyffes-eleva-su-marca-de-consumo-trudis-en-fruit-logistica\/#primaryimage"},"image":{"@id":"https:\/\/www.fyffes.com\/es\/news\/fyffes-eleva-su-marca-de-consumo-trudis-en-fruit-logistica\/#primaryimage"},"thumbnailUrl":"https:\/\/www.fyffes.com\/es\/wp-content\/uploads\/sites\/3\/2024\/02\/IMG_5369-e1707940021467.jpeg","datePublished":"2024-02-14T19:47:11+00:00","author":{"@id":"https:\/\/www.fyffes.com\/es\/#\/schema\/person\/a28784179f55c838fbb2ee5e944fc3b6"},"description":"Tras la exitosa introducci\u00f3n de la marca de consumo Trudi's de Fyffes el pasado mes de octubre, la empresa presentar\u00e1 la nueva campa\u00f1a de marca en Fruit","breadcrumb":{"@id":"https:\/\/www.fyffes.com\/es\/news\/fyffes-eleva-su-marca-de-consumo-trudis-en-fruit-logistica\/#breadcrumb"},"inLanguage":"es","potentialAction":[{"@type":"ReadAction","target":["https:\/\/www.fyffes.com\/es\/news\/fyffes-eleva-su-marca-de-consumo-trudis-en-fruit-logistica\/"]}]},{"@type":"ImageObject","inLanguage":"es","@id":"https:\/\/www.fyffes.com\/es\/news\/fyffes-eleva-su-marca-de-consumo-trudis-en-fruit-logistica\/#primaryimage","url":"https:\/\/www.fyffes.com\/es\/wp-content\/uploads\/sites\/3\/2024\/02\/IMG_5369-e1707940021467.jpeg","contentUrl":"https:\/\/www.fyffes.com\/es\/wp-content\/uploads\/sites\/3\/2024\/02\/IMG_5369-e1707940021467.jpeg","width":1153,"height":808},{"@type":"BreadcrumbList","@id":"https:\/\/www.fyffes.com\/es\/news\/fyffes-eleva-su-marca-de-consumo-trudis-en-fruit-logistica\/#breadcrumb","itemListElement":[{"@type":"ListItem","position":1,"name":"Home","item":"https:\/\/www.fyffes.com\/es\/"},{"@type":"ListItem","position":2,"name":"Fyffes Eleva Su Marca de Consumo Trudi\u2019s en Fruit Logistica"}]},{"@type":"WebSite","@id":"https:\/\/www.fyffes.com\/es\/#website","url":"https:\/\/www.fyffes.com\/es\/","name":"Fyffes - ES","description":"Our Future is Sustainable","potentialAction":[{"@type":"SearchAction","target":{"@type":"EntryPoint","urlTemplate":"https:\/\/www.fyffes.com\/es\/?s={search_term_string}"},"query-input":{"@type":"PropertyValueSpecification","valueRequired":true,"valueName":"search_term_string"}}],"inLanguage":"es"},{"@type":"Person","@id":"https:\/\/www.fyffes.com\/es\/#\/schema\/person\/a28784179f55c838fbb2ee5e944fc3b6","name":"azul","image":{"@type":"ImageObject","inLanguage":"es","@id":"https:\/\/secure.gravatar.com\/avatar\/f82a53bde665b923d5aecc44980155a7a17036c91d0c99a58ff1056e4806e7f4?s=96&d=mm&r=g","url":"https:\/\/secure.gravatar.com\/avatar\/f82a53bde665b923d5aecc44980155a7a17036c91d0c99a58ff1056e4806e7f4?s=96&d=mm&r=g","contentUrl":"https:\/\/secure.gravatar.com\/avatar\/f82a53bde665b923d5aecc44980155a7a17036c91d0c99a58ff1056e4806e7f4?s=96&d=mm&r=g","caption":"azul"},"url":"https:\/\/www.fyffes.com\/es\/news\/author\/azul\/"}]}},"_links":{"self":[{"href":"https:\/\/www.fyffes.com\/es\/wp-json\/wp\/v2\/posts\/5936","targetHints":{"allow":["GET"]}}],"collection":[{"href":"https:\/\/www.fyffes.com\/es\/wp-json\/wp\/v2\/posts"}],"about":[{"href":"https:\/\/www.fyffes.com\/es\/wp-json\/wp\/v2\/types\/post"}],"author":[{"embeddable":true,"href":"https:\/\/www.fyffes.com\/es\/wp-json\/wp\/v2\/users\/8"}],"replies":[{"embeddable":true,"href":"https:\/\/www.fyffes.com\/es\/wp-json\/wp\/v2\/comments?post=5936"}],"version-history":[{"count":1,"href":"https:\/\/www.fyffes.com\/es\/wp-json\/wp\/v2\/posts\/5936\/revisions"}],"predecessor-version":[{"id":5939,"href":"https:\/\/www.fyffes.com\/es\/wp-json\/wp\/v2\/posts\/5936\/revisions\/5939"}],"wp:featuredmedia":[{"embeddable":true,"href":"https:\/\/www.fyffes.com\/es\/wp-json\/wp\/v2\/media\/5937"}],"wp:attachment":[{"href":"https:\/\/www.fyffes.com\/es\/wp-json\/wp\/v2\/media?parent=5936"}],"wp:term":[{"taxonomy":"category","embeddable":true,"href":"https:\/\/www.fyffes.com\/es\/wp-json\/wp\/v2\/categories?post=5936"},{"taxonomy":"post_tag","embeddable":true,"href":"https:\/\/www.fyffes.com\/es\/wp-json\/wp\/v2\/tags?post=5936"}],"curies":[{"name":"wp","href":"https:\/\/api.w.org\/{rel}","templated":true}]}}