{"id":6650,"date":"2026-08-26T10:37:19","date_gmt":"2026-08-26T09:37:19","guid":{"rendered":"https:\/\/www.fyffes.com\/es\/?p=6650"},"modified":"2026-08-26T10:37:19","modified_gmt":"2026-08-26T09:37:19","slug":"uno-de-cada-cuatro-consumidores-noruegos-ya-reconoce-trudis","status":"publish","type":"post","link":"https:\/\/www.fyffes.com\/es\/news\/uno-de-cada-cuatro-consumidores-noruegos-ya-reconoce-trudis\/","title":{"rendered":"Uno de cada cuatro consumidores noruegos ya reconoce Trudi\u2019s\u00ae"},"content":{"rendered":"<p>Un nuevo estudio de Kantar publicado por Fyffes destaca el creciente reconocimiento de Trudi\u2019s\u00ae entre los consumidores noruegos, con una notoriedad de marca sugerida del 27 %, poco m\u00e1s de un a\u00f1o despu\u00e9s del lanzamiento de la marca en el mercado. El estudio tambi\u00e9n revela que uno de cada cinco consumidores noruegos considerar\u00eda comprar Trudi\u2019s\u00ae la pr\u00f3xima vez que adquiera pl\u00e1tanos.<\/p>\n<p>Los resultados ponen de manifiesto el creciente atractivo de Trudi\u2019s\u00ae, una marca de pl\u00e1tanos creada para combinar fruta de alta calidad con el compromiso de apoyar a las comunidades productoras de pl\u00e1tanos. A trav\u00e9s de su colaboraci\u00f3n a largo plazo con CARE International, Trudi\u2019s\u00ae contribuye a financiar programas de apoyo a mujeres, familias y comunidades en importantes regiones de abastecimiento.<\/p>\n<p>Adriano Di Dia, Chief Marketing Officer de Fyffes, coment\u00f3:<\/p>\n<p>\u00abEstos resultados son especialmente alentadores porque demuestran que Trudi\u2019s\u00ae est\u00e1 logrando un reconocimiento significativo entre los consumidores noruegos en un periodo de tiempo relativamente corto.<\/p>\n<p>\u00bbPara una marca relativamente joven, alcanzar una notoriedad del 27 % es un indicador muy positivo de que nuestra propuesta est\u00e1 conectando con los consumidores. Cada vez m\u00e1s, los consumidores buscan tener confianza no solo en la calidad de los productos que compran, sino tambi\u00e9n en el impacto positivo que hay detr\u00e1s de ellos.<\/p>\n<p>\u00bbCreemos que la combinaci\u00f3n de fruta de alta calidad, s\u00f3lidas alianzas con distribuidores y un compromiso genuino con el apoyo a las comunidades productoras de pl\u00e1tanos sigue diferenciando a Trudi\u2019s\u00ae en el mercado. Estos resultados nos dan confianza en que la marca est\u00e1 conectando con los consumidores a trav\u00e9s de un mensaje emocional que es relevante y significativo\u00bb.<\/p>\n<p>Trudi\u2019s\u00ae tambi\u00e9n ha obtenido buenos resultados comerciales en Noruega. El a\u00f1o pasado, Fyffes inform\u00f3 de que la marca hab\u00eda logrado un crecimiento del 8 % en valor en Coop Norway, superando el crecimiento registrado por la categor\u00eda de pl\u00e1tanos en su conjunto.<\/p>\n<p>Desde su lanzamiento, Fyffes ha respaldado Trudi\u2019s\u00ae a trav\u00e9s de su atractiva campa\u00f1a \u00abLittle Voices\u00bb, que combina publicidad exterior, contenidos digitales y activaciones en el punto de venta en establecimientos como Obs, Coop Mega, Coop Prix y Extra. La campa\u00f1a ha contribuido a aumentar el conocimiento de la marca y a comunicar su doble apuesta por la fruta de alta calidad y el impacto social positivo.<\/p>\n<p>Uno de los pilares fundamentales de la marca es su colaboraci\u00f3n con CARE International, que refuerza el compromiso de Trudi\u2019s\u00ae con la generaci\u00f3n de un impacto positivo en las comunidades productoras de pl\u00e1tanos, al tiempo que ofrece fruta de alta calidad a los consumidores.<\/p>\n<p>Estos resultados se suman a una investigaci\u00f3n m\u00e1s amplia sobre los consumidores europeos publicada anteriormente por Fyffes, que confirm\u00f3 que los pl\u00e1tanos son la fruta favorita de los consumidores: el 89 % afirm\u00f3 haber consumido pl\u00e1tanos durante las cuatro semanas anteriores.<\/p>\n<p>Los resultados de Kantar forman parte del programa m\u00e1s amplio de conocimiento del consumidor de Fyffes, que contribuye a desarrollar estrategias de marketing basadas en datos, desarrollar las marcas e impulsar el crecimiento de la categor\u00eda en mercados europeos clave.<\/p>\n<p><strong>FIN<\/strong><\/p>\n<p><strong>Para consultas de prensa, contacte con:<\/strong><\/p>\n<p><strong>Notas para el editor<\/strong><\/p>\n<p><strong>Sobre Fyffes<\/strong><\/p>\n<p>Durante m\u00e1s de 135 a\u00f1os, Fyffes ha suministrado productos tropicales de alta calidad a consumidores de todo el mundo. Con sede en Ginebra, somos uno de los mayores importadores de pl\u00e1tanos y pi\u00f1as de Europa y el mayor importador mundial de pl\u00e1tanos certificados Fairtrade. Fyffes tambi\u00e9n es proveedor en Norteam\u00e9rica, donde trabaja en colaboraci\u00f3n con sus clientes para ofrecer fruta de calidad y experiencia especializada en la categor\u00eda.<\/p>\n<p>Un profundo conocimiento del consumidor y una s\u00f3lida capacidad de innovaci\u00f3n sustentan nuestro enfoque, permiti\u00e9ndonos desarrollar productos, envases y soluciones de merchandising diferenciados que impulsan el crecimiento. La sostenibilidad y el abastecimiento responsable son elementos fundamentales de nuestro negocio, con una cadena de suministro transparente y resiliente que apoya a las comunidades agr\u00edcolas y protege el medio ambiente.<\/p>\n<p>Fyffes forma parte de Sumitomo Corporation desde 2017.<\/p>\n<p>&nbsp;<\/p>\n","protected":false},"excerpt":{"rendered":"<p>Un nuevo estudio de Kantar publicado por Fyffes destaca el creciente reconocimiento de Trudi\u2019s\u00ae entre los consumidores noruegos, con una notoriedad de marca sugerida del 27 %, poco m\u00e1s de un a\u00f1o despu\u00e9s del lanzamiento de la marca en el mercado. El estudio tambi\u00e9n revela que uno de cada cinco consumidores noruegos considerar\u00eda comprar Trudi\u2019s\u00ae [&hellip;]<\/p>\n","protected":false},"author":21,"featured_media":6651,"comment_status":"closed","ping_status":"closed","sticky":false,"template":"","format":"standard","meta":{"_acf_changed":false,"footnotes":""},"categories":[48],"tags":[],"class_list":["post-6650","post","type-post","status-publish","format-standard","has-post-thumbnail","hentry","category-anuncios"],"acf":[],"yoast_head":"<!-- This site is optimized with the Yoast SEO plugin v28.3 - https:\/\/yoast.com\/product\/yoast-seo-wordpress\/ -->\n<title>Uno de cada cuatro consumidores noruegos ya reconoce Trudi\u2019s\u00ae - Fyffes - ES<\/title>\n<meta name=\"description\" content=\"Un nuevo estudio de Kantar publicado por Fyffes destaca el creciente reconocimiento de Trudi\u2019s\u00ae entre los consumidores noruegos, con una notoriedad de\" \/>\n<meta name=\"robots\" content=\"index, follow, max-snippet:-1, max-image-preview:large, max-video-preview:-1\" \/>\n<link rel=\"canonical\" href=\"https:\/\/www.fyffes.com\/es\/news\/uno-de-cada-cuatro-consumidores-noruegos-ya-reconoce-trudis\/\" \/>\n<meta property=\"og:locale\" content=\"es_ES\" \/>\n<meta property=\"og:type\" content=\"article\" \/>\n<meta property=\"og:title\" content=\"Uno de cada cuatro consumidores noruegos ya reconoce Trudi\u2019s\u00ae - Fyffes - ES\" \/>\n<meta property=\"og:description\" content=\"Un nuevo estudio de Kantar publicado por Fyffes destaca el creciente reconocimiento de Trudi\u2019s\u00ae entre los consumidores noruegos, con una notoriedad de\" \/>\n<meta property=\"og:url\" content=\"https:\/\/www.fyffes.com\/es\/news\/uno-de-cada-cuatro-consumidores-noruegos-ya-reconoce-trudis\/\" \/>\n<meta property=\"og:site_name\" content=\"Fyffes - ES\" \/>\n<meta property=\"article:published_time\" content=\"2026-08-26T09:37:19+00:00\" \/>\n<meta property=\"og:image\" content=\"https:\/\/www.fyffes.com\/es\/wp-content\/uploads\/sites\/3\/2026\/08\/trudis_samsungtv_ad_banner_3840x2160-50-scaled.jpg\" \/>\n\t<meta property=\"og:image:width\" content=\"2048\" \/>\n\t<meta property=\"og:image:height\" content=\"1152\" \/>\n\t<meta property=\"og:image:type\" content=\"image\/jpeg\" \/>\n<meta name=\"author\" content=\"sarah\" \/>\n<meta name=\"twitter:card\" content=\"summary_large_image\" \/>\n<meta name=\"twitter:label1\" content=\"Escrito por\" \/>\n\t<meta name=\"twitter:data1\" content=\"sarah\" \/>\n\t<meta name=\"twitter:label2\" content=\"Tiempo de lectura\" \/>\n\t<meta name=\"twitter:data2\" content=\"4 minutos\" \/>\n<script type=\"application\/ld+json\" class=\"yoast-schema-graph\">{\"@context\":\"https:\\\/\\\/schema.org\",\"@graph\":[{\"@type\":\"Article\",\"@id\":\"https:\\\/\\\/www.fyffes.com\\\/es\\\/news\\\/uno-de-cada-cuatro-consumidores-noruegos-ya-reconoce-trudis\\\/#article\",\"isPartOf\":{\"@id\":\"https:\\\/\\\/www.fyffes.com\\\/es\\\/news\\\/uno-de-cada-cuatro-consumidores-noruegos-ya-reconoce-trudis\\\/\"},\"author\":{\"name\":\"sarah\",\"@id\":\"https:\\\/\\\/www.fyffes.com\\\/es\\\/#\\\/schema\\\/person\\\/46b4e2c32c3103c209862081faba85e1\"},\"headline\":\"Uno de cada cuatro consumidores noruegos ya reconoce Trudi\u2019s\u00ae\",\"datePublished\":\"2026-08-26T09:37:19+00:00\",\"mainEntityOfPage\":{\"@id\":\"https:\\\/\\\/www.fyffes.com\\\/es\\\/news\\\/uno-de-cada-cuatro-consumidores-noruegos-ya-reconoce-trudis\\\/\"},\"wordCount\":705,\"image\":{\"@id\":\"https:\\\/\\\/www.fyffes.com\\\/es\\\/news\\\/uno-de-cada-cuatro-consumidores-noruegos-ya-reconoce-trudis\\\/#primaryimage\"},\"thumbnailUrl\":\"https:\\\/\\\/www.fyffes.com\\\/es\\\/wp-content\\\/uploads\\\/sites\\\/3\\\/2026\\\/08\\\/trudis_samsungtv_ad_banner_3840x2160-50-scaled.jpg\",\"articleSection\":[\"Anuncios\"],\"inLanguage\":\"es\"},{\"@type\":\"WebPage\",\"@id\":\"https:\\\/\\\/www.fyffes.com\\\/es\\\/news\\\/uno-de-cada-cuatro-consumidores-noruegos-ya-reconoce-trudis\\\/\",\"url\":\"https:\\\/\\\/www.fyffes.com\\\/es\\\/news\\\/uno-de-cada-cuatro-consumidores-noruegos-ya-reconoce-trudis\\\/\",\"name\":\"Uno de cada cuatro consumidores noruegos ya reconoce Trudi\u2019s\u00ae - Fyffes - ES\",\"isPartOf\":{\"@id\":\"https:\\\/\\\/www.fyffes.com\\\/es\\\/#website\"},\"primaryImageOfPage\":{\"@id\":\"https:\\\/\\\/www.fyffes.com\\\/es\\\/news\\\/uno-de-cada-cuatro-consumidores-noruegos-ya-reconoce-trudis\\\/#primaryimage\"},\"image\":{\"@id\":\"https:\\\/\\\/www.fyffes.com\\\/es\\\/news\\\/uno-de-cada-cuatro-consumidores-noruegos-ya-reconoce-trudis\\\/#primaryimage\"},\"thumbnailUrl\":\"https:\\\/\\\/www.fyffes.com\\\/es\\\/wp-content\\\/uploads\\\/sites\\\/3\\\/2026\\\/08\\\/trudis_samsungtv_ad_banner_3840x2160-50-scaled.jpg\",\"datePublished\":\"2026-08-26T09:37:19+00:00\",\"author\":{\"@id\":\"https:\\\/\\\/www.fyffes.com\\\/es\\\/#\\\/schema\\\/person\\\/46b4e2c32c3103c209862081faba85e1\"},\"description\":\"Un nuevo estudio de Kantar publicado por Fyffes destaca el creciente reconocimiento de Trudi\u2019s\u00ae entre los consumidores noruegos, con una notoriedad de\",\"breadcrumb\":{\"@id\":\"https:\\\/\\\/www.fyffes.com\\\/es\\\/news\\\/uno-de-cada-cuatro-consumidores-noruegos-ya-reconoce-trudis\\\/#breadcrumb\"},\"inLanguage\":\"es\",\"potentialAction\":[{\"@type\":\"ReadAction\",\"target\":[\"https:\\\/\\\/www.fyffes.com\\\/es\\\/news\\\/uno-de-cada-cuatro-consumidores-noruegos-ya-reconoce-trudis\\\/\"]}]},{\"@type\":\"ImageObject\",\"inLanguage\":\"es\",\"@id\":\"https:\\\/\\\/www.fyffes.com\\\/es\\\/news\\\/uno-de-cada-cuatro-consumidores-noruegos-ya-reconoce-trudis\\\/#primaryimage\",\"url\":\"https:\\\/\\\/www.fyffes.com\\\/es\\\/wp-content\\\/uploads\\\/sites\\\/3\\\/2026\\\/08\\\/trudis_samsungtv_ad_banner_3840x2160-50-scaled.jpg\",\"contentUrl\":\"https:\\\/\\\/www.fyffes.com\\\/es\\\/wp-content\\\/uploads\\\/sites\\\/3\\\/2026\\\/08\\\/trudis_samsungtv_ad_banner_3840x2160-50-scaled.jpg\",\"width\":2048,\"height\":1152},{\"@type\":\"BreadcrumbList\",\"@id\":\"https:\\\/\\\/www.fyffes.com\\\/es\\\/news\\\/uno-de-cada-cuatro-consumidores-noruegos-ya-reconoce-trudis\\\/#breadcrumb\",\"itemListElement\":[{\"@type\":\"ListItem\",\"position\":1,\"name\":\"Home\",\"item\":\"https:\\\/\\\/www.fyffes.com\\\/es\\\/\"},{\"@type\":\"ListItem\",\"position\":2,\"name\":\"Uno de cada cuatro consumidores noruegos ya reconoce Trudi\u2019s\u00ae\"}]},{\"@type\":\"WebSite\",\"@id\":\"https:\\\/\\\/www.fyffes.com\\\/es\\\/#website\",\"url\":\"https:\\\/\\\/www.fyffes.com\\\/es\\\/\",\"name\":\"Fyffes - ES\",\"description\":\"Our Future is Sustainable\",\"potentialAction\":[{\"@type\":\"SearchAction\",\"target\":{\"@type\":\"EntryPoint\",\"urlTemplate\":\"https:\\\/\\\/www.fyffes.com\\\/es\\\/?s={search_term_string}\"},\"query-input\":{\"@type\":\"PropertyValueSpecification\",\"valueRequired\":true,\"valueName\":\"search_term_string\"}}],\"inLanguage\":\"es\"},{\"@type\":\"Person\",\"@id\":\"https:\\\/\\\/www.fyffes.com\\\/es\\\/#\\\/schema\\\/person\\\/46b4e2c32c3103c209862081faba85e1\",\"name\":\"sarah\",\"image\":{\"@type\":\"ImageObject\",\"inLanguage\":\"es\",\"@id\":\"https:\\\/\\\/secure.gravatar.com\\\/avatar\\\/61e434c8d4c95fca7720a678ba526e4d4528be924d83d0280b09500c81f01f1a?s=96&d=mm&r=g\",\"url\":\"https:\\\/\\\/secure.gravatar.com\\\/avatar\\\/61e434c8d4c95fca7720a678ba526e4d4528be924d83d0280b09500c81f01f1a?s=96&d=mm&r=g\",\"contentUrl\":\"https:\\\/\\\/secure.gravatar.com\\\/avatar\\\/61e434c8d4c95fca7720a678ba526e4d4528be924d83d0280b09500c81f01f1a?s=96&d=mm&r=g\",\"caption\":\"sarah\"},\"url\":\"https:\\\/\\\/www.fyffes.com\\\/es\\\/news\\\/author\\\/sarah\\\/\"}]}<\/script>\n<!-- \/ Yoast SEO plugin. -->","yoast_head_json":{"title":"Uno de cada cuatro consumidores noruegos ya reconoce Trudi\u2019s\u00ae - Fyffes - ES","description":"Un nuevo estudio de Kantar publicado por Fyffes destaca el creciente reconocimiento de Trudi\u2019s\u00ae entre los consumidores noruegos, con una notoriedad de","robots":{"index":"index","follow":"follow","max-snippet":"max-snippet:-1","max-image-preview":"max-image-preview:large","max-video-preview":"max-video-preview:-1"},"canonical":"https:\/\/www.fyffes.com\/es\/news\/uno-de-cada-cuatro-consumidores-noruegos-ya-reconoce-trudis\/","og_locale":"es_ES","og_type":"article","og_title":"Uno de cada cuatro consumidores noruegos ya reconoce Trudi\u2019s\u00ae - Fyffes - ES","og_description":"Un nuevo estudio de Kantar publicado por Fyffes destaca el creciente reconocimiento de Trudi\u2019s\u00ae entre los consumidores noruegos, con una notoriedad de","og_url":"https:\/\/www.fyffes.com\/es\/news\/uno-de-cada-cuatro-consumidores-noruegos-ya-reconoce-trudis\/","og_site_name":"Fyffes - ES","article_published_time":"2026-08-26T09:37:19+00:00","og_image":[{"width":2048,"height":1152,"url":"https:\/\/www.fyffes.com\/es\/wp-content\/uploads\/sites\/3\/2026\/08\/trudis_samsungtv_ad_banner_3840x2160-50-scaled.jpg","type":"image\/jpeg"}],"author":"sarah","twitter_card":"summary_large_image","twitter_misc":{"Escrito por":"sarah","Tiempo de lectura":"4 minutos"},"schema":{"@context":"https:\/\/schema.org","@graph":[{"@type":"Article","@id":"https:\/\/www.fyffes.com\/es\/news\/uno-de-cada-cuatro-consumidores-noruegos-ya-reconoce-trudis\/#article","isPartOf":{"@id":"https:\/\/www.fyffes.com\/es\/news\/uno-de-cada-cuatro-consumidores-noruegos-ya-reconoce-trudis\/"},"author":{"name":"sarah","@id":"https:\/\/www.fyffes.com\/es\/#\/schema\/person\/46b4e2c32c3103c209862081faba85e1"},"headline":"Uno de cada cuatro consumidores noruegos ya reconoce Trudi\u2019s\u00ae","datePublished":"2026-08-26T09:37:19+00:00","mainEntityOfPage":{"@id":"https:\/\/www.fyffes.com\/es\/news\/uno-de-cada-cuatro-consumidores-noruegos-ya-reconoce-trudis\/"},"wordCount":705,"image":{"@id":"https:\/\/www.fyffes.com\/es\/news\/uno-de-cada-cuatro-consumidores-noruegos-ya-reconoce-trudis\/#primaryimage"},"thumbnailUrl":"https:\/\/www.fyffes.com\/es\/wp-content\/uploads\/sites\/3\/2026\/08\/trudis_samsungtv_ad_banner_3840x2160-50-scaled.jpg","articleSection":["Anuncios"],"inLanguage":"es"},{"@type":"WebPage","@id":"https:\/\/www.fyffes.com\/es\/news\/uno-de-cada-cuatro-consumidores-noruegos-ya-reconoce-trudis\/","url":"https:\/\/www.fyffes.com\/es\/news\/uno-de-cada-cuatro-consumidores-noruegos-ya-reconoce-trudis\/","name":"Uno de cada cuatro consumidores noruegos ya reconoce Trudi\u2019s\u00ae - Fyffes - ES","isPartOf":{"@id":"https:\/\/www.fyffes.com\/es\/#website"},"primaryImageOfPage":{"@id":"https:\/\/www.fyffes.com\/es\/news\/uno-de-cada-cuatro-consumidores-noruegos-ya-reconoce-trudis\/#primaryimage"},"image":{"@id":"https:\/\/www.fyffes.com\/es\/news\/uno-de-cada-cuatro-consumidores-noruegos-ya-reconoce-trudis\/#primaryimage"},"thumbnailUrl":"https:\/\/www.fyffes.com\/es\/wp-content\/uploads\/sites\/3\/2026\/08\/trudis_samsungtv_ad_banner_3840x2160-50-scaled.jpg","datePublished":"2026-08-26T09:37:19+00:00","author":{"@id":"https:\/\/www.fyffes.com\/es\/#\/schema\/person\/46b4e2c32c3103c209862081faba85e1"},"description":"Un nuevo estudio de Kantar publicado por Fyffes destaca el creciente reconocimiento de Trudi\u2019s\u00ae entre los consumidores noruegos, con una notoriedad de","breadcrumb":{"@id":"https:\/\/www.fyffes.com\/es\/news\/uno-de-cada-cuatro-consumidores-noruegos-ya-reconoce-trudis\/#breadcrumb"},"inLanguage":"es","potentialAction":[{"@type":"ReadAction","target":["https:\/\/www.fyffes.com\/es\/news\/uno-de-cada-cuatro-consumidores-noruegos-ya-reconoce-trudis\/"]}]},{"@type":"ImageObject","inLanguage":"es","@id":"https:\/\/www.fyffes.com\/es\/news\/uno-de-cada-cuatro-consumidores-noruegos-ya-reconoce-trudis\/#primaryimage","url":"https:\/\/www.fyffes.com\/es\/wp-content\/uploads\/sites\/3\/2026\/08\/trudis_samsungtv_ad_banner_3840x2160-50-scaled.jpg","contentUrl":"https:\/\/www.fyffes.com\/es\/wp-content\/uploads\/sites\/3\/2026\/08\/trudis_samsungtv_ad_banner_3840x2160-50-scaled.jpg","width":2048,"height":1152},{"@type":"BreadcrumbList","@id":"https:\/\/www.fyffes.com\/es\/news\/uno-de-cada-cuatro-consumidores-noruegos-ya-reconoce-trudis\/#breadcrumb","itemListElement":[{"@type":"ListItem","position":1,"name":"Home","item":"https:\/\/www.fyffes.com\/es\/"},{"@type":"ListItem","position":2,"name":"Uno de cada cuatro consumidores noruegos ya reconoce Trudi\u2019s\u00ae"}]},{"@type":"WebSite","@id":"https:\/\/www.fyffes.com\/es\/#website","url":"https:\/\/www.fyffes.com\/es\/","name":"Fyffes - ES","description":"Our Future is Sustainable","potentialAction":[{"@type":"SearchAction","target":{"@type":"EntryPoint","urlTemplate":"https:\/\/www.fyffes.com\/es\/?s={search_term_string}"},"query-input":{"@type":"PropertyValueSpecification","valueRequired":true,"valueName":"search_term_string"}}],"inLanguage":"es"},{"@type":"Person","@id":"https:\/\/www.fyffes.com\/es\/#\/schema\/person\/46b4e2c32c3103c209862081faba85e1","name":"sarah","image":{"@type":"ImageObject","inLanguage":"es","@id":"https:\/\/secure.gravatar.com\/avatar\/61e434c8d4c95fca7720a678ba526e4d4528be924d83d0280b09500c81f01f1a?s=96&d=mm&r=g","url":"https:\/\/secure.gravatar.com\/avatar\/61e434c8d4c95fca7720a678ba526e4d4528be924d83d0280b09500c81f01f1a?s=96&d=mm&r=g","contentUrl":"https:\/\/secure.gravatar.com\/avatar\/61e434c8d4c95fca7720a678ba526e4d4528be924d83d0280b09500c81f01f1a?s=96&d=mm&r=g","caption":"sarah"},"url":"https:\/\/www.fyffes.com\/es\/news\/author\/sarah\/"}]}},"_links":{"self":[{"href":"https:\/\/www.fyffes.com\/es\/wp-json\/wp\/v2\/posts\/6650","targetHints":{"allow":["GET"]}}],"collection":[{"href":"https:\/\/www.fyffes.com\/es\/wp-json\/wp\/v2\/posts"}],"about":[{"href":"https:\/\/www.fyffes.com\/es\/wp-json\/wp\/v2\/types\/post"}],"author":[{"embeddable":true,"href":"https:\/\/www.fyffes.com\/es\/wp-json\/wp\/v2\/users\/21"}],"replies":[{"embeddable":true,"href":"https:\/\/www.fyffes.com\/es\/wp-json\/wp\/v2\/comments?post=6650"}],"version-history":[{"count":1,"href":"https:\/\/www.fyffes.com\/es\/wp-json\/wp\/v2\/posts\/6650\/revisions"}],"predecessor-version":[{"id":6653,"href":"https:\/\/www.fyffes.com\/es\/wp-json\/wp\/v2\/posts\/6650\/revisions\/6653"}],"wp:featuredmedia":[{"embeddable":true,"href":"https:\/\/www.fyffes.com\/es\/wp-json\/wp\/v2\/media\/6651"}],"wp:attachment":[{"href":"https:\/\/www.fyffes.com\/es\/wp-json\/wp\/v2\/media?parent=6650"}],"wp:term":[{"taxonomy":"category","embeddable":true,"href":"https:\/\/www.fyffes.com\/es\/wp-json\/wp\/v2\/categories?post=6650"},{"taxonomy":"post_tag","embeddable":true,"href":"https:\/\/www.fyffes.com\/es\/wp-json\/wp\/v2\/tags?post=6650"}],"curies":[{"name":"wp","href":"https:\/\/api.w.org\/{rel}","templated":true}]}}